{"id":3320,"date":"2026-01-26T10:07:31","date_gmt":"2026-01-26T09:07:31","guid":{"rendered":"https:\/\/projeteducatifniger.org\/janvier-2026\/"},"modified":"2026-01-26T10:11:07","modified_gmt":"2026-01-26T09:11:07","slug":"janvier-2026","status":"publish","type":"post","link":"https:\/\/projeteducatifniger.org\/es\/janvier-2026\/","title":{"rendered":"Enero 2026"},"content":{"rendered":"\n<p><strong>\u00a1Feliz y pr\u00f3spero a\u00f1o nuevo de parte de todos los voluntarios del Proyecto N\u00edger!<\/strong><\/p>\n\n<p>Queremos agradecer sinceramente al Lyc\u00e9e fran\u00e7ais de Madrid que, una vez m\u00e1s, ha asociado el Proyecto N\u00edger a su tradicional \u00abchocolate solidario\u00bb. Este evento tuvo lugar el 17 de diciembre.<\/p>\n\n<figure class=\"wp-block-gallery has-nested-images columns-default is-cropped wp-block-gallery-1 is-layout-flex wp-block-gallery-is-layout-flex\">\n<figure class=\"wp-block-image size-large\"><a href=\"https:\/\/projeteducatifniger.org\/wp-content\/uploads\/janvier-2026-1.jpg\"><img loading=\"lazy\" decoding=\"async\" width=\"765\" height=\"574\" data-id=\"3312\" src=\"https:\/\/projeteducatifniger.org\/wp-content\/uploads\/janvier-2026-1.jpg\" alt=\"\" class=\"wp-image-3312\" srcset=\"https:\/\/projeteducatifniger.org\/wp-content\/uploads\/janvier-2026-1.jpg 765w, https:\/\/projeteducatifniger.org\/wp-content\/uploads\/janvier-2026-1-480x360.jpg 480w\" sizes=\"(min-width: 0px) and (max-width: 480px) 480px, (min-width: 481px) 765px, 100vw\" \/><\/a><\/figure>\n\n\n\n<figure class=\"wp-block-image size-large\"><a href=\"https:\/\/projeteducatifniger.org\/wp-content\/uploads\/janvier-2026-2.jpg\"><img loading=\"lazy\" decoding=\"async\" width=\"820\" height=\"615\" data-id=\"3314\" src=\"https:\/\/projeteducatifniger.org\/wp-content\/uploads\/janvier-2026-2.jpg\" alt=\"\" class=\"wp-image-3314\" srcset=\"https:\/\/projeteducatifniger.org\/wp-content\/uploads\/janvier-2026-2.jpg 820w, https:\/\/projeteducatifniger.org\/wp-content\/uploads\/janvier-2026-2-480x360.jpg 480w\" sizes=\"(min-width: 0px) and (max-width: 480px) 480px, (min-width: 481px) 820px, 100vw\" \/><\/a><\/figure>\n<\/figure>\n\n<p>El fin de semana del 10 de enero, el material escolar fue transportado a Tessa y sus alrededores.<\/p>\n\n<p>Finalmente, las cartas del primer trimestre han llegado correctamente a sus destinatarios en Madrid y N\u00edger. Todos los alumnos ya han comenzado a escribir su carta del segundo trimestre.<\/p>\n\n<figure class=\"wp-block-image size-full\"><a href=\"https:\/\/projeteducatifniger.org\/wp-content\/uploads\/janvier-2026-3.png\"><img loading=\"lazy\" decoding=\"async\" width=\"450\" height=\"1000\" src=\"https:\/\/projeteducatifniger.org\/wp-content\/uploads\/janvier-2026-3.png\" alt=\"\" class=\"wp-image-3317\" srcset=\"https:\/\/projeteducatifniger.org\/wp-content\/uploads\/janvier-2026-3.png 450w, https:\/\/projeteducatifniger.org\/wp-content\/uploads\/janvier-2026-3-135x300.png 135w\" sizes=\"(max-width: 450px) 100vw, 450px\" \/><\/a><\/figure>\n\n<p>La distribuci\u00f3n de los calendarios 2026 sigue en curso, por lo que a\u00fan es posible adquirirlos.<\/p>\n\n<p>Les anunciaremos el resultado de la campa\u00f1a en nuestro pr\u00f3ximo bolet\u00edn informativo.<\/p>\n\n<p class=\"has-text-align-right\">Sophie Castelblanque para el Proyecto N\u00edger<\/p>\n","protected":false},"excerpt":{"rendered":"<p>\u00a1Feliz y pr\u00f3spero a\u00f1o nuevo de parte de todos los voluntarios del Proyecto N\u00edger! Queremos agradecer sinceramente al Lyc\u00e9e fran\u00e7ais de Madrid que, una vez m\u00e1s, ha asociado el Proyecto N\u00edger a su tradicional \u00abchocolate solidario\u00bb. Este evento tuvo lugar el 17 de diciembre. El fin de semana del 10 de enero, el material escolar [&hellip;]<\/p>\n","protected":false},"author":3,"featured_media":3313,"comment_status":"closed","ping_status":"open","sticky":false,"template":"","format":"standard","meta":{"_et_pb_use_builder":"off","_et_pb_old_content":"","_et_gb_content_width":"1080","footnotes":""},"categories":[25],"tags":[],"class_list":["post-3320","post","type-post","status-publish","format-standard","has-post-thumbnail","hentry","category-non-classifiee-es"],"_links":{"self":[{"href":"https:\/\/projeteducatifniger.org\/es\/wp-json\/wp\/v2\/posts\/3320","targetHints":{"allow":["GET"]}}],"collection":[{"href":"https:\/\/projeteducatifniger.org\/es\/wp-json\/wp\/v2\/posts"}],"about":[{"href":"https:\/\/projeteducatifniger.org\/es\/wp-json\/wp\/v2\/types\/post"}],"author":[{"embeddable":true,"href":"https:\/\/projeteducatifniger.org\/es\/wp-json\/wp\/v2\/users\/3"}],"replies":[{"embeddable":true,"href":"https:\/\/projeteducatifniger.org\/es\/wp-json\/wp\/v2\/comments?post=3320"}],"version-history":[{"count":2,"href":"https:\/\/projeteducatifniger.org\/es\/wp-json\/wp\/v2\/posts\/3320\/revisions"}],"predecessor-version":[{"id":3322,"href":"https:\/\/projeteducatifniger.org\/es\/wp-json\/wp\/v2\/posts\/3320\/revisions\/3322"}],"wp:featuredmedia":[{"embeddable":true,"href":"https:\/\/projeteducatifniger.org\/es\/wp-json\/wp\/v2\/media\/3313"}],"wp:attachment":[{"href":"https:\/\/projeteducatifniger.org\/es\/wp-json\/wp\/v2\/media?parent=3320"}],"wp:term":[{"taxonomy":"category","embeddable":true,"href":"https:\/\/projeteducatifniger.org\/es\/wp-json\/wp\/v2\/categories?post=3320"},{"taxonomy":"post_tag","embeddable":true,"href":"https:\/\/projeteducatifniger.org\/es\/wp-json\/wp\/v2\/tags?post=3320"}],"curies":[{"name":"wp","href":"https:\/\/api.w.org\/{rel}","templated":true}]}}