{"id":3279,"date":"2025-12-02T10:12:34","date_gmt":"2025-12-02T09:12:34","guid":{"rendered":"https:\/\/projeteducatifniger.org\/novembre-2025\/"},"modified":"2025-12-02T10:36:18","modified_gmt":"2025-12-02T09:36:18","slug":"novembre-2025","status":"publish","type":"post","link":"https:\/\/projeteducatifniger.org\/es\/novembre-2025\/","title":{"rendered":"Noviembre 2025"},"content":{"rendered":"\n<p>\u00a1Buenos d\u00edas a tod@!<\/p>\n\n<p>Nos complace presentarles el calendario 2025-2026 del Liceo Franc\u00e9s de Madrid.<\/p>\n\n<p>Las ganadoras del concurso de dibujo son Ana Cejas y Ana Rubio de CM2G. \u00a1Enhorabuena a ellas!<\/p>\n\n<p>Su difusi\u00f3n comenzar\u00e1 a partir del 20 de noviembre.<\/p>\n\n<figure class=\"wp-block-image aligncenter size-large\"><a href=\"https:\/\/projeteducatifniger.org\/wp-content\/uploads\/novembre-2025-1.png\"><img loading=\"lazy\" decoding=\"async\" width=\"743\" height=\"1024\" src=\"https:\/\/projeteducatifniger.org\/wp-content\/uploads\/novembre-2025-1-743x1024.png\" alt=\"\" class=\"wp-image-3268\" srcset=\"https:\/\/projeteducatifniger.org\/wp-content\/uploads\/novembre-2025-1-743x1024.png 743w, https:\/\/projeteducatifniger.org\/wp-content\/uploads\/novembre-2025-1-480x661.png 480w\" sizes=\"(min-width: 0px) and (max-width: 480px) 480px, (min-width: 481px) 743px, 100vw\" \/><\/a><\/figure>\n\n<p>Asimismo, les presentamos el calendario de Valencia.<\/p>\n\n<figure class=\"wp-block-image aligncenter size-large\"><a href=\"https:\/\/projeteducatifniger.org\/wp-content\/uploads\/novembre-2025-2.jpg\"><img loading=\"lazy\" decoding=\"async\" width=\"724\" height=\"1024\" src=\"https:\/\/projeteducatifniger.org\/wp-content\/uploads\/novembre-2025-2-724x1024.jpg\" alt=\"\" class=\"wp-image-3266\" srcset=\"https:\/\/projeteducatifniger.org\/wp-content\/uploads\/novembre-2025-2-724x1024.jpg 724w, https:\/\/projeteducatifniger.org\/wp-content\/uploads\/novembre-2025-2-480x679.jpg 480w\" sizes=\"(min-width: 0px) and (max-width: 480px) 480px, (min-width: 481px) 724px, 100vw\" \/><\/a><\/figure>\n\n<p>Por otra parte, el primer taller de formaci\u00f3n para el profesorado, realizado en colaboraci\u00f3n con la inspecci\u00f3n primaria de Tessa, tuvo lugar el fin de semana del 15 de noviembre y se desarroll\u00f3 de forma excelente.<\/p>\n\n<figure class=\"wp-block-image aligncenter size-full\"><a href=\"https:\/\/projeteducatifniger.org\/wp-content\/uploads\/novembre-2025-3.jpg\"><img loading=\"lazy\" decoding=\"async\" width=\"607\" height=\"273\" src=\"https:\/\/projeteducatifniger.org\/wp-content\/uploads\/novembre-2025-3.jpg\" alt=\"\" class=\"wp-image-3264\" srcset=\"https:\/\/projeteducatifniger.org\/wp-content\/uploads\/novembre-2025-3.jpg 607w, https:\/\/projeteducatifniger.org\/wp-content\/uploads\/novembre-2025-3-480x216.jpg 480w\" sizes=\"(min-width: 0px) and (max-width: 480px) 480px, (min-width: 481px) 607px, 100vw\" \/><\/a><\/figure>\n\n<p>Finalmente, el fin de semana del 22 de noviembre se llev\u00f3 a cabo la entrega del material escolar en la escuela de Gala.<\/p>\n\n<figure class=\"wp-block-gallery has-nested-images columns-default is-cropped wp-block-gallery-1 is-layout-flex wp-block-gallery-is-layout-flex\">\n<figure class=\"wp-block-image size-large\"><a href=\"https:\/\/projeteducatifniger.org\/wp-content\/uploads\/novembre-2025-4.jpg\"><img loading=\"lazy\" decoding=\"async\" width=\"474\" height=\"842\" data-id=\"3262\" src=\"https:\/\/projeteducatifniger.org\/wp-content\/uploads\/novembre-2025-4.jpg\" alt=\"\" class=\"wp-image-3262\" srcset=\"https:\/\/projeteducatifniger.org\/wp-content\/uploads\/novembre-2025-4.jpg 474w, https:\/\/projeteducatifniger.org\/wp-content\/uploads\/novembre-2025-4-169x300.jpg 169w\" sizes=\"(max-width: 474px) 100vw, 474px\" \/><\/a><\/figure>\n\n\n\n<figure class=\"wp-block-image size-large\"><a href=\"https:\/\/projeteducatifniger.org\/wp-content\/uploads\/novembre-2025-5.jpg\"><img loading=\"lazy\" decoding=\"async\" width=\"886\" height=\"564\" data-id=\"3260\" src=\"https:\/\/projeteducatifniger.org\/wp-content\/uploads\/novembre-2025-5.jpg\" alt=\"\" class=\"wp-image-3260\" srcset=\"https:\/\/projeteducatifniger.org\/wp-content\/uploads\/novembre-2025-5.jpg 886w, https:\/\/projeteducatifniger.org\/wp-content\/uploads\/novembre-2025-5-480x306.jpg 480w\" sizes=\"(min-width: 0px) and (max-width: 480px) 480px, (min-width: 481px) 886px, 100vw\" \/><\/a><\/figure>\n<\/figure>\n\n<p>Son m\u00e1s de 1000 alumnos y alumnas los que se benefician en todas nuestras escuelas asociadas. Se trata de una acci\u00f3n que requiere una importante labor de gesti\u00f3n por parte de los voluntarios en N\u00edger. \u00a1Nuestro m\u00e1s sincero agradecimiento por su dedicaci\u00f3n!<\/p>\n\n<p class=\"has-text-align-right\">Sophie Castelblanque pour le Projet Niger<\/p>\n","protected":false},"excerpt":{"rendered":"<p>\u00a1Buenos d\u00edas a tod@! Nos complace presentarles el calendario 2025-2026 del Liceo Franc\u00e9s de Madrid. Las ganadoras del concurso de dibujo son Ana Cejas y Ana Rubio de CM2G. \u00a1Enhorabuena a ellas! Su difusi\u00f3n comenzar\u00e1 a partir del 20 de noviembre. Asimismo, les presentamos el calendario de Valencia. Por otra parte, el primer taller de [&hellip;]<\/p>\n","protected":false},"author":3,"featured_media":3259,"comment_status":"closed","ping_status":"open","sticky":false,"template":"","format":"standard","meta":{"_et_pb_use_builder":"off","_et_pb_old_content":"","_et_gb_content_width":"1080","footnotes":""},"categories":[25],"tags":[],"class_list":["post-3279","post","type-post","status-publish","format-standard","has-post-thumbnail","hentry","category-non-classifiee-es"],"_links":{"self":[{"href":"https:\/\/projeteducatifniger.org\/es\/wp-json\/wp\/v2\/posts\/3279","targetHints":{"allow":["GET"]}}],"collection":[{"href":"https:\/\/projeteducatifniger.org\/es\/wp-json\/wp\/v2\/posts"}],"about":[{"href":"https:\/\/projeteducatifniger.org\/es\/wp-json\/wp\/v2\/types\/post"}],"author":[{"embeddable":true,"href":"https:\/\/projeteducatifniger.org\/es\/wp-json\/wp\/v2\/users\/3"}],"replies":[{"embeddable":true,"href":"https:\/\/projeteducatifniger.org\/es\/wp-json\/wp\/v2\/comments?post=3279"}],"version-history":[{"count":2,"href":"https:\/\/projeteducatifniger.org\/es\/wp-json\/wp\/v2\/posts\/3279\/revisions"}],"predecessor-version":[{"id":3281,"href":"https:\/\/projeteducatifniger.org\/es\/wp-json\/wp\/v2\/posts\/3279\/revisions\/3281"}],"wp:featuredmedia":[{"embeddable":true,"href":"https:\/\/projeteducatifniger.org\/es\/wp-json\/wp\/v2\/media\/3259"}],"wp:attachment":[{"href":"https:\/\/projeteducatifniger.org\/es\/wp-json\/wp\/v2\/media?parent=3279"}],"wp:term":[{"taxonomy":"category","embeddable":true,"href":"https:\/\/projeteducatifniger.org\/es\/wp-json\/wp\/v2\/categories?post=3279"},{"taxonomy":"post_tag","embeddable":true,"href":"https:\/\/projeteducatifniger.org\/es\/wp-json\/wp\/v2\/tags?post=3279"}],"curies":[{"name":"wp","href":"https:\/\/api.w.org\/{rel}","templated":true}]}}