{"id":3253,"date":"2025-11-03T13:14:29","date_gmt":"2025-11-03T12:14:29","guid":{"rendered":"https:\/\/projeteducatifniger.org\/septembre-octobre-2025\/"},"modified":"2025-11-03T13:21:41","modified_gmt":"2025-11-03T12:21:41","slug":"septembre-octobre-2025","status":"publish","type":"post","link":"https:\/\/projeteducatifniger.org\/es\/septembre-octobre-2025\/","title":{"rendered":"Septiembre\/octubre 2025"},"content":{"rendered":"\n<p>\u00a1Hola a tod@s!<\/p>\n\n<p>\u00a1Nos alegra desearles un buen regreso a clases, aunque sea un poco tarde!<\/p>\n\n<p>Respecto al Proyecto N\u00edger, se trata de su 24\u00ba a\u00f1o de funcionamiento. Gracias a todos vosotros esto es posible. \u00a1Gracias!<\/p>\n\n<p>Como el a\u00f1o pasado, el inicio del a\u00f1o escolar en N\u00edger, originalmente previsto para el 1 de octubre, se pospuso. Tuvo lugar el 15 de octubre.<\/p>\n\n<p>Este a\u00f1o, son 18 clases repartidas en 4 centros de la pen\u00ednsula las que participan en el Proyecto N\u00edger. \u00a1Es un r\u00e9cord!<\/p>\n\n<p>El concurso de dibujos para la ilustraci\u00f3n del calendario 2026 ha comenzado. Se expusieron 200 dibujos en el patio de primaria ciclo 3. Muchas clases ya han votado por su dibujo favorito. Este a\u00f1o, nuevamente, hemos decidido imponer una restricci\u00f3n al tema de la solidaridad: aprender juntos.<\/p>\n\n<figure class=\"wp-block-image size-large\"><a href=\"https:\/\/projeteducatifniger.org\/wp-content\/uploads\/septiembre-octubre-1.jpg\"><img loading=\"lazy\" decoding=\"async\" width=\"1024\" height=\"768\" src=\"https:\/\/projeteducatifniger.org\/wp-content\/uploads\/septiembre-octubre-1-1024x768.jpg\" alt=\"\" class=\"wp-image-3247\" srcset=\"https:\/\/projeteducatifniger.org\/wp-content\/uploads\/septiembre-octubre-1-980x735.jpg 980w, https:\/\/projeteducatifniger.org\/wp-content\/uploads\/septiembre-octubre-1-480x360.jpg 480w\" sizes=\"(min-width: 0px) and (max-width: 480px) 480px, (min-width: 481px) and (max-width: 980px) 980px, (min-width: 981px) 1024px, 100vw\" \/><\/a><\/figure>\n\n<p>Adem\u00e1s, los alumnos de las clases que participan en el Proyecto N\u00edger se est\u00e1n preparando para presentar el Proyecto y el calendario a las dem\u00e1s clases. Siempre es un momento de intercambio muy interesante entre los estudiantes.<\/p>\n\n<p>Paralelamente, el trabajo de los correos ya ha comenzado.<\/p>\n\n<p>El pasado 15 de octubre, el colegio Saint-Exup\u00e9ry organiz\u00f3 una carrera a favor del Proyecto N\u00edger.<\/p>\n\n<figure class=\"wp-block-image size-large\"><a href=\"https:\/\/projeteducatifniger.org\/wp-content\/uploads\/septiembre-octubre-2.jpg\"><img loading=\"lazy\" decoding=\"async\" width=\"1024\" height=\"768\" src=\"https:\/\/projeteducatifniger.org\/wp-content\/uploads\/septiembre-octubre-2-1024x768.jpg\" alt=\"\" class=\"wp-image-3245\" srcset=\"https:\/\/projeteducatifniger.org\/wp-content\/uploads\/septiembre-octubre-2-1024x768.jpg 1024w, https:\/\/projeteducatifniger.org\/wp-content\/uploads\/septiembre-octubre-2-980x735.jpg 980w, https:\/\/projeteducatifniger.org\/wp-content\/uploads\/septiembre-octubre-2-480x360.jpg 480w\" sizes=\"(min-width: 0px) and (max-width: 480px) 480px, (min-width: 481px) and (max-width: 980px) 980px, (min-width: 981px) 1024px, 100vw\" \/><\/a><\/figure>\n\n<p>Finalmente, la \u00faltima semana de noviembre, nuestro presidente, Christian Moreau, se desplazar\u00e1 a Valencia para reunirse con los profesores y los estudiantes que participan en el Proyecto N\u00edger. Ya ha visitado las clases del Liceo Franc\u00e9s de Madrid y del Colegio Saint-Exup\u00e9ry.<\/p>\n\n<p class=\"has-text-align-right\">Sophie Castelblanque para el Proyecto N\u00edger<\/p>\n","protected":false},"excerpt":{"rendered":"<p>\u00a1Hola a tod@s! \u00a1Nos alegra desearles un buen regreso a clases, aunque sea un poco tarde! Respecto al Proyecto N\u00edger, se trata de su 24\u00ba a\u00f1o de funcionamiento. Gracias a todos vosotros esto es posible. \u00a1Gracias! Como el a\u00f1o pasado, el inicio del a\u00f1o escolar en N\u00edger, originalmente previsto para el 1 de octubre, se [&hellip;]<\/p>\n","protected":false},"author":3,"featured_media":3248,"comment_status":"closed","ping_status":"open","sticky":false,"template":"","format":"standard","meta":{"_et_pb_use_builder":"off","_et_pb_old_content":"","_et_gb_content_width":"1080","footnotes":""},"categories":[25],"tags":[],"class_list":["post-3253","post","type-post","status-publish","format-standard","has-post-thumbnail","hentry","category-non-classifiee-es"],"_links":{"self":[{"href":"https:\/\/projeteducatifniger.org\/es\/wp-json\/wp\/v2\/posts\/3253","targetHints":{"allow":["GET"]}}],"collection":[{"href":"https:\/\/projeteducatifniger.org\/es\/wp-json\/wp\/v2\/posts"}],"about":[{"href":"https:\/\/projeteducatifniger.org\/es\/wp-json\/wp\/v2\/types\/post"}],"author":[{"embeddable":true,"href":"https:\/\/projeteducatifniger.org\/es\/wp-json\/wp\/v2\/users\/3"}],"replies":[{"embeddable":true,"href":"https:\/\/projeteducatifniger.org\/es\/wp-json\/wp\/v2\/comments?post=3253"}],"version-history":[{"count":2,"href":"https:\/\/projeteducatifniger.org\/es\/wp-json\/wp\/v2\/posts\/3253\/revisions"}],"predecessor-version":[{"id":3255,"href":"https:\/\/projeteducatifniger.org\/es\/wp-json\/wp\/v2\/posts\/3253\/revisions\/3255"}],"wp:featuredmedia":[{"embeddable":true,"href":"https:\/\/projeteducatifniger.org\/es\/wp-json\/wp\/v2\/media\/3248"}],"wp:attachment":[{"href":"https:\/\/projeteducatifniger.org\/es\/wp-json\/wp\/v2\/media?parent=3253"}],"wp:term":[{"taxonomy":"category","embeddable":true,"href":"https:\/\/projeteducatifniger.org\/es\/wp-json\/wp\/v2\/categories?post=3253"},{"taxonomy":"post_tag","embeddable":true,"href":"https:\/\/projeteducatifniger.org\/es\/wp-json\/wp\/v2\/tags?post=3253"}],"curies":[{"name":"wp","href":"https:\/\/api.w.org\/{rel}","templated":true}]}}