{"id":3241,"date":"2025-06-30T09:16:07","date_gmt":"2025-06-30T08:16:07","guid":{"rendered":"https:\/\/projeteducatifniger.org\/junio-2025\/"},"modified":"2025-06-30T12:01:20","modified_gmt":"2025-06-30T11:01:20","slug":"junio-2025","status":"publish","type":"post","link":"https:\/\/projeteducatifniger.org\/es\/junio-2025\/","title":{"rendered":"Junio 2025"},"content":{"rendered":"\n<p>\u00a1Hola a tod@s!<\/p>\n\n<p>El Proyecto N\u00edger fue al Liceo Franc\u00e9s de Madrid el martes 10 de junio para conocer a Gala Vega de CM2 B, la alumna que realiz\u00f3 el dibujo seleccionado para nuestro calendario 2025, para<\/p>\n\n<p>entregarle unos regalos m\u00e1s que merecidos.<\/p>\n\n<figure class=\"wp-block-image size-large\"><a href=\"https:\/\/projeteducatifniger.org\/wp-content\/uploads\/juin-2025.jpg\"><img loading=\"lazy\" decoding=\"async\" width=\"1024\" height=\"699\" src=\"https:\/\/projeteducatifniger.org\/wp-content\/uploads\/juin-2025-1024x699.jpg\" alt=\"\" class=\"wp-image-3235\" srcset=\"https:\/\/projeteducatifniger.org\/wp-content\/uploads\/juin-2025-980x669.jpg 980w, https:\/\/projeteducatifniger.org\/wp-content\/uploads\/juin-2025-480x328.jpg 480w\" sizes=\"(min-width: 0px) and (max-width: 480px) 480px, (min-width: 481px) and (max-width: 980px) 980px, (min-width: 981px) 1024px, 100vw\" \/><\/a><figcaption class=\"wp-element-caption\">De gauche \u00e0 droite\u00a0:<br\/>Gala Vega, la laur\u00e9ate et Christian Moreau, Pr\u00e9sident du Projet Niger.<\/figcaption><\/figure>\n\n<p>Por otra parte, las \u00faltimas cartas han llegado bien a N\u00edger y a Espa\u00f1a.<\/p>\n\n<p>El fin de semana del 14 de junio tuvo lugar la renovaci\u00f3n de nuestra acci\u00f3n <\/p>\n\n<p>\u201ccabras\u201d cuyo objetivo es la lucha contra el abandono escolar. <\/p>\n\n<p>Las obras de renovaci\u00f3n de los centros de salud avanzan de manera satisfactoria.<\/p>\n\n<p>La persona encargada de organizar nuestra acci\u00f3n \u00abcabras\u00bb har\u00e1 una inspecci\u00f3n de las obras.<\/p>\n\n<p>Nuestro equipo de voluntarios est\u00e1 preparando ya las futuras acciones para el pr\u00f3ximo a\u00f1o escolar.<\/p>\n\n<p>\u00a1Os deseamos un feliz verano! <\/p>\n\n<p class=\"has-text-align-right\">Sophie Castelblanque para el Proyecto N\u00edger<\/p>\n","protected":false},"excerpt":{"rendered":"<p>\u00a1Hola a tod@s! El Proyecto N\u00edger fue al Liceo Franc\u00e9s de Madrid el martes 10 de junio para conocer a Gala Vega de CM2 B, la alumna que realiz\u00f3 el dibujo seleccionado para nuestro calendario 2025, para entregarle unos regalos m\u00e1s que merecidos. Por otra parte, las \u00faltimas cartas han llegado bien a N\u00edger y [&hellip;]<\/p>\n","protected":false},"author":3,"featured_media":3236,"comment_status":"closed","ping_status":"open","sticky":false,"template":"","format":"standard","meta":{"_et_pb_use_builder":"off","_et_pb_old_content":"","_et_gb_content_width":"","footnotes":""},"categories":[25],"tags":[],"class_list":["post-3241","post","type-post","status-publish","format-standard","has-post-thumbnail","hentry","category-non-classifiee-es"],"_links":{"self":[{"href":"https:\/\/projeteducatifniger.org\/es\/wp-json\/wp\/v2\/posts\/3241","targetHints":{"allow":["GET"]}}],"collection":[{"href":"https:\/\/projeteducatifniger.org\/es\/wp-json\/wp\/v2\/posts"}],"about":[{"href":"https:\/\/projeteducatifniger.org\/es\/wp-json\/wp\/v2\/types\/post"}],"author":[{"embeddable":true,"href":"https:\/\/projeteducatifniger.org\/es\/wp-json\/wp\/v2\/users\/3"}],"replies":[{"embeddable":true,"href":"https:\/\/projeteducatifniger.org\/es\/wp-json\/wp\/v2\/comments?post=3241"}],"version-history":[{"count":1,"href":"https:\/\/projeteducatifniger.org\/es\/wp-json\/wp\/v2\/posts\/3241\/revisions"}],"predecessor-version":[{"id":3242,"href":"https:\/\/projeteducatifniger.org\/es\/wp-json\/wp\/v2\/posts\/3241\/revisions\/3242"}],"wp:featuredmedia":[{"embeddable":true,"href":"https:\/\/projeteducatifniger.org\/es\/wp-json\/wp\/v2\/media\/3236"}],"wp:attachment":[{"href":"https:\/\/projeteducatifniger.org\/es\/wp-json\/wp\/v2\/media?parent=3241"}],"wp:term":[{"taxonomy":"category","embeddable":true,"href":"https:\/\/projeteducatifniger.org\/es\/wp-json\/wp\/v2\/categories?post=3241"},{"taxonomy":"post_tag","embeddable":true,"href":"https:\/\/projeteducatifniger.org\/es\/wp-json\/wp\/v2\/tags?post=3241"}],"curies":[{"name":"wp","href":"https:\/\/api.w.org\/{rel}","templated":true}]}}