{"id":3226,"date":"2025-06-10T08:54:25","date_gmt":"2025-06-10T07:54:25","guid":{"rendered":"https:\/\/projeteducatifniger.org\/mai-2025\/"},"modified":"2025-06-10T09:11:42","modified_gmt":"2025-06-10T08:11:42","slug":"mai-2025","status":"publish","type":"post","link":"https:\/\/projeteducatifniger.org\/es\/mai-2025\/","title":{"rendered":"Mayo 2025"},"content":{"rendered":"\n<p>\u00a1Hola a tod@s\u00a0!<\/p>\n\n<p>La tradicional Jornada de la Solidaridad organizada por el Liceo Franc\u00e9s de Madrid tuvo lugar este a\u00f1o el 10 de abril. 10 asociaciones estuvieron presentes.<\/p>\n\n<p>El Proyecto N\u00edger estuvo representado por Christian Moreau, el fundador y Sophie Castelblanque, una voluntaria de Madrid.<\/p>\n\n<p>Luc\u00eda y H\u00e9l\u00e8ne, alumnas de 2nde, fueron nuestras embajadoras durante todo el d\u00eda y estuvieron muy involucradas y muy eficaces.<\/p>\n\n<div class=\"wp-block-columns is-layout-flex wp-container-core-columns-is-layout-9d6595d7 wp-block-columns-is-layout-flex\">\n<div class=\"wp-block-column is-layout-flow wp-block-column-is-layout-flow\">\n<figure class=\"wp-block-image size-full\"><a href=\"https:\/\/projeteducatifniger.org\/wp-content\/uploads\/mai-2025-2.jpg\"><img loading=\"lazy\" decoding=\"async\" width=\"743\" height=\"557\" src=\"https:\/\/projeteducatifniger.org\/wp-content\/uploads\/mai-2025-2.jpg\" alt=\"\" class=\"wp-image-3217\" srcset=\"https:\/\/projeteducatifniger.org\/wp-content\/uploads\/mai-2025-2.jpg 743w, https:\/\/projeteducatifniger.org\/wp-content\/uploads\/mai-2025-2-480x360.jpg 480w\" sizes=\"(min-width: 0px) and (max-width: 480px) 480px, (min-width: 481px) 743px, 100vw\" \/><\/a><\/figure>\n<\/div>\n\n\n\n<div class=\"wp-block-column is-layout-flow wp-block-column-is-layout-flow\">\n<figure class=\"wp-block-image size-full\"><a href=\"https:\/\/projeteducatifniger.org\/wp-content\/uploads\/mai-2025-3.jpg\"><img loading=\"lazy\" decoding=\"async\" width=\"738\" height=\"553\" src=\"https:\/\/projeteducatifniger.org\/wp-content\/uploads\/mai-2025-3.jpg\" alt=\"\" class=\"wp-image-3215\" srcset=\"https:\/\/projeteducatifniger.org\/wp-content\/uploads\/mai-2025-3.jpg 738w, https:\/\/projeteducatifniger.org\/wp-content\/uploads\/mai-2025-3-480x360.jpg 480w\" sizes=\"(min-width: 0px) and (max-width: 480px) 480px, (min-width: 481px) 738px, 100vw\" \/><\/a><\/figure>\n<\/div>\n<\/div>\n\n<p>El objetivo era sensibilizar a los alumnos sobre las acciones que lleva a cabo el Proyecto N\u00edger, con el fin de recaudar el mayor n\u00famero posible de donaciones.  <\/p>\n\n<p>Un a\u00f1o m\u00e1s, muchas gracias a los organizadores y al LFM por este d\u00eda rico en encuentros e intercambios.<\/p>\n\n<p>En N\u00edger, la renovaci\u00f3n de los 148 microcr\u00e9ditos destinados a las mujeres para permitirles desarrollar una actividad profesional pudo tener lugar ya que todos los cr\u00e9ditos del a\u00f1o pasado fueron reembolsados por las mujeres beneficiarias.<\/p>\n\n<p>Esto demuestra que la poblaci\u00f3n nigerina est\u00e1 muy implicada en nuestros proyectos y que nuestra estrategia que consiste en hacerla participar en las decisiones es ben\u00e9fica para todos. <\/p>\n\n<div class=\"wp-block-columns is-layout-flex wp-container-core-columns-is-layout-9d6595d7 wp-block-columns-is-layout-flex\">\n<div class=\"wp-block-column is-layout-flow wp-block-column-is-layout-flow\">\n<figure class=\"wp-block-image size-full\"><a href=\"https:\/\/projeteducatifniger.org\/wp-content\/uploads\/mai-2025-4.jpg\"><img loading=\"lazy\" decoding=\"async\" width=\"1000\" height=\"750\" src=\"https:\/\/projeteducatifniger.org\/wp-content\/uploads\/mai-2025-4.jpg\" alt=\"\" class=\"wp-image-3213\" srcset=\"https:\/\/projeteducatifniger.org\/wp-content\/uploads\/mai-2025-4.jpg 1000w, https:\/\/projeteducatifniger.org\/wp-content\/uploads\/mai-2025-4-980x735.jpg 980w, https:\/\/projeteducatifniger.org\/wp-content\/uploads\/mai-2025-4-480x360.jpg 480w\" sizes=\"(min-width: 0px) and (max-width: 480px) 480px, (min-width: 481px) and (max-width: 980px) 980px, (min-width: 981px) 1000px, 100vw\" \/><\/a><\/figure>\n<\/div>\n\n\n\n<div class=\"wp-block-column is-layout-flow wp-block-column-is-layout-flow\">\n<figure class=\"wp-block-image size-full\"><a href=\"https:\/\/projeteducatifniger.org\/wp-content\/uploads\/mai-2025-5.jpg\"><img loading=\"lazy\" decoding=\"async\" width=\"1000\" height=\"750\" src=\"https:\/\/projeteducatifniger.org\/wp-content\/uploads\/mai-2025-5.jpg\" alt=\"\" class=\"wp-image-3211\" srcset=\"https:\/\/projeteducatifniger.org\/wp-content\/uploads\/mai-2025-5.jpg 1000w, https:\/\/projeteducatifniger.org\/wp-content\/uploads\/mai-2025-5-980x735.jpg 980w, https:\/\/projeteducatifniger.org\/wp-content\/uploads\/mai-2025-5-480x360.jpg 480w\" sizes=\"(min-width: 0px) and (max-width: 480px) 480px, (min-width: 481px) and (max-width: 980px) 980px, (min-width: 981px) 1000px, 100vw\" \/><\/a><\/figure>\n<\/div>\n<\/div>\n\n<p>Por otro lado, las obras de renovaci\u00f3n de los 3 centros de salud, Tessa el m\u00e1s antiguo y que fue construido por el Proyecto, Manmandeye y Kobedeye, avanzan de manera satisfactoria. La poblaci\u00f3n est\u00e1 muy contenta.<\/p>\n\n<div class=\"wp-block-columns is-layout-flex wp-container-core-columns-is-layout-9d6595d7 wp-block-columns-is-layout-flex\">\n<div class=\"wp-block-column is-layout-flow wp-block-column-is-layout-flow\">\n<figure class=\"wp-block-image size-large\"><a href=\"https:\/\/projeteducatifniger.org\/wp-content\/uploads\/mai-2025-6.jpg\"><img loading=\"lazy\" decoding=\"async\" width=\"768\" height=\"1024\" src=\"https:\/\/projeteducatifniger.org\/wp-content\/uploads\/mai-2025-6-768x1024.jpg\" alt=\"\" class=\"wp-image-3209\" srcset=\"https:\/\/projeteducatifniger.org\/wp-content\/uploads\/mai-2025-6-768x1024.jpg 768w, https:\/\/projeteducatifniger.org\/wp-content\/uploads\/mai-2025-6-480x640.jpg 480w\" sizes=\"(min-width: 0px) and (max-width: 480px) 480px, (min-width: 481px) 768px, 100vw\" \/><\/a><\/figure>\n<\/div>\n\n\n\n<div class=\"wp-block-column is-layout-flow wp-block-column-is-layout-flow\">\n<figure class=\"wp-block-image size-full\"><a href=\"https:\/\/projeteducatifniger.org\/wp-content\/uploads\/mai-2025-7.jpg\"><img loading=\"lazy\" decoding=\"async\" width=\"765\" height=\"1020\" src=\"https:\/\/projeteducatifniger.org\/wp-content\/uploads\/mai-2025-7.jpg\" alt=\"\" class=\"wp-image-3207\" srcset=\"https:\/\/projeteducatifniger.org\/wp-content\/uploads\/mai-2025-7.jpg 765w, https:\/\/projeteducatifniger.org\/wp-content\/uploads\/mai-2025-7-480x640.jpg 480w\" sizes=\"(min-width: 0px) and (max-width: 480px) 480px, (min-width: 481px) 765px, 100vw\" \/><\/a><\/figure>\n<\/div>\n<\/div>\n\n<p>La correspondencia del tercer trimestre sali\u00f3 de N\u00edger y tendr\u00eda que llegar a Madrid esta semana. Y en Espa\u00f1a, los alumnos est\u00e1n terminando la suya.<\/p>\n\n<p class=\"has-text-align-right\">Sophie Castelblanque para el Proyecto N\u00edger<\/p>\n","protected":false},"excerpt":{"rendered":"<p>\u00a1Hola a tod@s\u00a0! La tradicional Jornada de la Solidaridad organizada por el Liceo Franc\u00e9s de Madrid tuvo lugar este a\u00f1o el 10 de abril. 10 asociaciones estuvieron presentes. El Proyecto N\u00edger estuvo representado por Christian Moreau, el fundador y Sophie Castelblanque, una voluntaria de Madrid. Luc\u00eda y H\u00e9l\u00e8ne, alumnas de 2nde, fueron nuestras embajadoras durante [&hellip;]<\/p>\n","protected":false},"author":3,"featured_media":3220,"comment_status":"closed","ping_status":"open","sticky":false,"template":"","format":"standard","meta":{"_et_pb_use_builder":"off","_et_pb_old_content":"","_et_gb_content_width":"1080","footnotes":""},"categories":[25],"tags":[],"class_list":["post-3226","post","type-post","status-publish","format-standard","has-post-thumbnail","hentry","category-non-classifiee-es"],"_links":{"self":[{"href":"https:\/\/projeteducatifniger.org\/es\/wp-json\/wp\/v2\/posts\/3226","targetHints":{"allow":["GET"]}}],"collection":[{"href":"https:\/\/projeteducatifniger.org\/es\/wp-json\/wp\/v2\/posts"}],"about":[{"href":"https:\/\/projeteducatifniger.org\/es\/wp-json\/wp\/v2\/types\/post"}],"author":[{"embeddable":true,"href":"https:\/\/projeteducatifniger.org\/es\/wp-json\/wp\/v2\/users\/3"}],"replies":[{"embeddable":true,"href":"https:\/\/projeteducatifniger.org\/es\/wp-json\/wp\/v2\/comments?post=3226"}],"version-history":[{"count":2,"href":"https:\/\/projeteducatifniger.org\/es\/wp-json\/wp\/v2\/posts\/3226\/revisions"}],"predecessor-version":[{"id":3229,"href":"https:\/\/projeteducatifniger.org\/es\/wp-json\/wp\/v2\/posts\/3226\/revisions\/3229"}],"wp:featuredmedia":[{"embeddable":true,"href":"https:\/\/projeteducatifniger.org\/es\/wp-json\/wp\/v2\/media\/3220"}],"wp:attachment":[{"href":"https:\/\/projeteducatifniger.org\/es\/wp-json\/wp\/v2\/media?parent=3226"}],"wp:term":[{"taxonomy":"category","embeddable":true,"href":"https:\/\/projeteducatifniger.org\/es\/wp-json\/wp\/v2\/categories?post=3226"},{"taxonomy":"post_tag","embeddable":true,"href":"https:\/\/projeteducatifniger.org\/es\/wp-json\/wp\/v2\/tags?post=3226"}],"curies":[{"name":"wp","href":"https:\/\/api.w.org\/{rel}","templated":true}]}}