{"id":3199,"date":"2025-04-08T13:46:29","date_gmt":"2025-04-08T12:46:29","guid":{"rendered":"https:\/\/projeteducatifniger.org\/mars-2025\/"},"modified":"2025-04-08T13:56:30","modified_gmt":"2025-04-08T12:56:30","slug":"mars-2025","status":"publish","type":"post","link":"https:\/\/projeteducatifniger.org\/es\/mars-2025\/","title":{"rendered":"Marzo 2025"},"content":{"rendered":"\n<p>\u00a1Hola a tod@s!<\/p>\n\n\n\n<p>El intercambio de las segundas cartas ha terminado. Los alumnos est\u00e1n ya preparando la redacci\u00f3n de las terceras. <\/p>\n\n\n\n<figure class=\"wp-block-gallery has-nested-images columns-default is-cropped wp-block-gallery-1 is-layout-flex wp-block-gallery-is-layout-flex\">\n<figure class=\"wp-block-image size-large\"><a href=\"https:\/\/projeteducatifniger.org\/wp-content\/uploads\/mars-2025-2.jpg\"><img loading=\"lazy\" decoding=\"async\" width=\"595\" height=\"842\" data-id=\"3192\" src=\"https:\/\/projeteducatifniger.org\/wp-content\/uploads\/mars-2025-2.jpg\" alt=\"\" class=\"wp-image-3192\" srcset=\"https:\/\/projeteducatifniger.org\/wp-content\/uploads\/mars-2025-2.jpg 595w, https:\/\/projeteducatifniger.org\/wp-content\/uploads\/mars-2025-2-480x679.jpg 480w\" sizes=\"(min-width: 0px) and (max-width: 480px) 480px, (min-width: 481px) 595px, 100vw\" \/><\/a><\/figure>\n\n\n\n<figure class=\"wp-block-image size-large\"><a href=\"https:\/\/projeteducatifniger.org\/wp-content\/uploads\/mars-2025-1.jpg\"><img loading=\"lazy\" decoding=\"async\" width=\"595\" height=\"842\" data-id=\"3194\" src=\"https:\/\/projeteducatifniger.org\/wp-content\/uploads\/mars-2025-1.jpg\" alt=\"\" class=\"wp-image-3194\" srcset=\"https:\/\/projeteducatifniger.org\/wp-content\/uploads\/mars-2025-1.jpg 595w, https:\/\/projeteducatifniger.org\/wp-content\/uploads\/mars-2025-1-480x679.jpg 480w\" sizes=\"(min-width: 0px) and (max-width: 480px) 480px, (min-width: 481px) 595px, 100vw\" \/><\/a><\/figure>\n<\/figure>\n\n\n\n<p><p>Por otra parte, ya estamos organizando el cuarto taller para los profesores.<\/p><\/p>\n\n\n\n<p>Este a\u00f1o, La carrera de solidaridad tendr\u00e1 lugar antes de lo habitual. Nos reuniremos en el Liceo franc\u00e9s de Madrid el 10 de abril. Estamos ya preparando este encuentro. Se trata de un momento importante de intercambios entre los alumnos, los profesores y los padres. <\/p>\n\n\n\n<p>\u00a1Hasta pronto! <\/p>\n\n\n\n<p>Sophie Castelblanque por el Proyecto N\u00edger<\/p>\n","protected":false},"excerpt":{"rendered":"<p>\u00a1Hola a tod@s! El intercambio de las segundas cartas ha terminado. Los alumnos est\u00e1n ya preparando la redacci\u00f3n de las terceras. Por otra parte, ya estamos organizando el cuarto taller para los profesores. Este a\u00f1o, La carrera de solidaridad tendr\u00e1 lugar antes de lo habitual. Nos reuniremos en el Liceo franc\u00e9s de Madrid el 10 [&hellip;]<\/p>\n","protected":false},"author":3,"featured_media":3195,"comment_status":"closed","ping_status":"open","sticky":false,"template":"","format":"standard","meta":{"_et_pb_use_builder":"off","_et_pb_old_content":"","_et_gb_content_width":"","footnotes":""},"categories":[25],"tags":[],"class_list":["post-3199","post","type-post","status-publish","format-standard","has-post-thumbnail","hentry","category-non-classifiee-es"],"_links":{"self":[{"href":"https:\/\/projeteducatifniger.org\/es\/wp-json\/wp\/v2\/posts\/3199","targetHints":{"allow":["GET"]}}],"collection":[{"href":"https:\/\/projeteducatifniger.org\/es\/wp-json\/wp\/v2\/posts"}],"about":[{"href":"https:\/\/projeteducatifniger.org\/es\/wp-json\/wp\/v2\/types\/post"}],"author":[{"embeddable":true,"href":"https:\/\/projeteducatifniger.org\/es\/wp-json\/wp\/v2\/users\/3"}],"replies":[{"embeddable":true,"href":"https:\/\/projeteducatifniger.org\/es\/wp-json\/wp\/v2\/comments?post=3199"}],"version-history":[{"count":3,"href":"https:\/\/projeteducatifniger.org\/es\/wp-json\/wp\/v2\/posts\/3199\/revisions"}],"predecessor-version":[{"id":3202,"href":"https:\/\/projeteducatifniger.org\/es\/wp-json\/wp\/v2\/posts\/3199\/revisions\/3202"}],"wp:featuredmedia":[{"embeddable":true,"href":"https:\/\/projeteducatifniger.org\/es\/wp-json\/wp\/v2\/media\/3195"}],"wp:attachment":[{"href":"https:\/\/projeteducatifniger.org\/es\/wp-json\/wp\/v2\/media?parent=3199"}],"wp:term":[{"taxonomy":"category","embeddable":true,"href":"https:\/\/projeteducatifniger.org\/es\/wp-json\/wp\/v2\/categories?post=3199"},{"taxonomy":"post_tag","embeddable":true,"href":"https:\/\/projeteducatifniger.org\/es\/wp-json\/wp\/v2\/tags?post=3199"}],"curies":[{"name":"wp","href":"https:\/\/api.w.org\/{rel}","templated":true}]}}