{"id":3187,"date":"2025-02-19T10:06:46","date_gmt":"2025-02-19T09:06:46","guid":{"rendered":"https:\/\/projeteducatifniger.org\/fevrier-2025\/"},"modified":"2025-02-19T10:18:18","modified_gmt":"2025-02-19T09:18:18","slug":"fevrier-2025","status":"publish","type":"post","link":"https:\/\/projeteducatifniger.org\/es\/fevrier-2025\/","title":{"rendered":"Febrero 2025"},"content":{"rendered":"\n<p>\u00a1Hola a todos y todas!<\/p>\n\n<p>Estamos contentos de poder anunciaros que gracias a las participaciones que seguimos recibiendo con la difusi\u00f3n del calendario, hemos superado los 13.500\u20ac. Este es un excelente resultado. \u00a1Muchas gracias a tod@s!<\/p>\n\n<p>Como cada a\u00f1o, el Proyecto N\u00edger se ha comprometido con los profesores nigerinos para organizar 4 cursos de formaci\u00f3n. Estos cursos se organizan conjuntamente con la Inspecci\u00f3n pedag\u00f3gica primaria de la regi\u00f3n de Tessa. El primero tuvo lugar en noviembre. Los dos siguientes se celebraron en enero:<\/p>\n\n<div class=\"wp-block-columns is-layout-flex wp-container-core-columns-is-layout-9d6595d7 wp-block-columns-is-layout-flex\">\n<div class=\"wp-block-column is-layout-flow wp-block-column-is-layout-flow\">\n<figure class=\"wp-block-image size-full\"><a href=\"https:\/\/projeteducatifniger.org\/wp-content\/uploads\/febrero-2025-1.jpg\"><img loading=\"lazy\" decoding=\"async\" width=\"1016\" height=\"762\" src=\"https:\/\/projeteducatifniger.org\/wp-content\/uploads\/febrero-2025-1.jpg\" alt=\"\" class=\"wp-image-3177\" srcset=\"https:\/\/projeteducatifniger.org\/wp-content\/uploads\/febrero-2025-1.jpg 1016w, https:\/\/projeteducatifniger.org\/wp-content\/uploads\/febrero-2025-1-980x735.jpg 980w, https:\/\/projeteducatifniger.org\/wp-content\/uploads\/febrero-2025-1-480x360.jpg 480w\" sizes=\"(min-width: 0px) and (max-width: 480px) 480px, (min-width: 481px) and (max-width: 980px) 980px, (min-width: 981px) 1016px, 100vw\" \/><\/a><figcaption class=\"wp-element-caption\">Los d\u00edas 11 y 12 de enero, el curso trat\u00f3 sobre las dificultades relacionadas con la expresi\u00f3n escrita.<\/figcaption><\/figure>\n<\/div>\n\n\n\n<div class=\"wp-block-column is-layout-flow wp-block-column-is-layout-flow\">\n<figure class=\"wp-block-image size-large\"><a href=\"https:\/\/projeteducatifniger.org\/wp-content\/uploads\/febrero-2025-2.jpg\"><img loading=\"lazy\" decoding=\"async\" width=\"768\" height=\"1024\" src=\"https:\/\/projeteducatifniger.org\/wp-content\/uploads\/febrero-2025-2-768x1024.jpg\" alt=\"\" class=\"wp-image-3179\" srcset=\"https:\/\/projeteducatifniger.org\/wp-content\/uploads\/febrero-2025-2-768x1024.jpg 768w, https:\/\/projeteducatifniger.org\/wp-content\/uploads\/febrero-2025-2-480x640.jpg 480w\" sizes=\"(min-width: 0px) and (max-width: 480px) 480px, (min-width: 481px) 768px, 100vw\" \/><\/a><figcaption class=\"wp-element-caption\">Los d\u00edas 25 y 26 de enero, la formaci\u00f3n se centr\u00f3 en la pr\u00e1ctica del dibujo en la escuela primaria.<\/figcaption><\/figure>\n<\/div>\n<\/div>\n\n<p>Finalmente, despu\u00e9s de un largo per\u00edodo dedicado al aspecto administrativo de la solicitud, el expediente sobre la renovaci\u00f3n de los 3 centros de salud de la regi\u00f3n de Tessa avanza. Esperamos poder darles buenas noticias en un pr\u00f3ximo art\u00edculo.<\/p>\n\n<p>\u00a1Hasta muy pronto!<\/p>\n\n<p>Sophie Castelblanque para el Proyecto N\u00edger<\/p>\n","protected":false},"excerpt":{"rendered":"<p>\u00a1Hola a todos y todas! Estamos contentos de poder anunciaros que gracias a las participaciones que seguimos recibiendo con la difusi\u00f3n del calendario, hemos superado los 13.500\u20ac. Este es un excelente resultado. \u00a1Muchas gracias a tod@s! Como cada a\u00f1o, el Proyecto N\u00edger se ha comprometido con los profesores nigerinos para organizar 4 cursos de formaci\u00f3n. [&hellip;]<\/p>\n","protected":false},"author":3,"featured_media":3178,"comment_status":"closed","ping_status":"open","sticky":false,"template":"","format":"standard","meta":{"_et_pb_use_builder":"off","_et_pb_old_content":"","_et_gb_content_width":"1080","footnotes":""},"categories":[25],"tags":[],"class_list":["post-3187","post","type-post","status-publish","format-standard","has-post-thumbnail","hentry","category-non-classifiee-es"],"_links":{"self":[{"href":"https:\/\/projeteducatifniger.org\/es\/wp-json\/wp\/v2\/posts\/3187","targetHints":{"allow":["GET"]}}],"collection":[{"href":"https:\/\/projeteducatifniger.org\/es\/wp-json\/wp\/v2\/posts"}],"about":[{"href":"https:\/\/projeteducatifniger.org\/es\/wp-json\/wp\/v2\/types\/post"}],"author":[{"embeddable":true,"href":"https:\/\/projeteducatifniger.org\/es\/wp-json\/wp\/v2\/users\/3"}],"replies":[{"embeddable":true,"href":"https:\/\/projeteducatifniger.org\/es\/wp-json\/wp\/v2\/comments?post=3187"}],"version-history":[{"count":2,"href":"https:\/\/projeteducatifniger.org\/es\/wp-json\/wp\/v2\/posts\/3187\/revisions"}],"predecessor-version":[{"id":3189,"href":"https:\/\/projeteducatifniger.org\/es\/wp-json\/wp\/v2\/posts\/3187\/revisions\/3189"}],"wp:featuredmedia":[{"embeddable":true,"href":"https:\/\/projeteducatifniger.org\/es\/wp-json\/wp\/v2\/media\/3178"}],"wp:attachment":[{"href":"https:\/\/projeteducatifniger.org\/es\/wp-json\/wp\/v2\/media?parent=3187"}],"wp:term":[{"taxonomy":"category","embeddable":true,"href":"https:\/\/projeteducatifniger.org\/es\/wp-json\/wp\/v2\/categories?post=3187"},{"taxonomy":"post_tag","embeddable":true,"href":"https:\/\/projeteducatifniger.org\/es\/wp-json\/wp\/v2\/tags?post=3187"}],"curies":[{"name":"wp","href":"https:\/\/api.w.org\/{rel}","templated":true}]}}