{"id":3161,"date":"2025-01-08T12:46:23","date_gmt":"2025-01-08T11:46:23","guid":{"rendered":"https:\/\/projeteducatifniger.org\/octobre-et-novembre-2024\/"},"modified":"2025-01-08T13:05:57","modified_gmt":"2025-01-08T12:05:57","slug":"octubre-y-noviembre-2024","status":"publish","type":"post","link":"https:\/\/projeteducatifniger.org\/es\/octubre-y-noviembre-2024\/","title":{"rendered":"Octubre y noviembre 2024"},"content":{"rendered":"\n<p>\u00a1Hola a tod@s!<\/p>\n\n\n\n<p>Han pasado 2 meses desde la publicaci\u00f3n de nuestro \u00faltimo art\u00edculo. Lo sentimos much\u00edsimo. \r\n\u00a1Pero volvemos con mucha energ\u00eda!<\/p>\n\n\n\n<p>La ganadora del concurso de dibujo que sirve para ilustrar nuestro calendario del Liceo franc\u00e9s de Madrid es Gala Vega.<\/p>\n\n\n\n<p>Inauguramos este a\u00f1o con una novedad: el Liceo franc\u00e9s de Valencia organiz\u00f3 tambi\u00e9n un concurso de dibujo para ilustrar su propio calendario. Las ganadoras son Elisa Raposo et Mireia Meri.<\/p>\n\n\n\n<p>\u00a1Enhorabuena a las 3!<\/p>\n\n\n\n<figure class=\"wp-block-gallery has-nested-images columns-default is-cropped wp-block-gallery-1 is-layout-flex wp-block-gallery-is-layout-flex\">\n<figure class=\"wp-block-image size-large\"><a href=\"https:\/\/projeteducatifniger.org\/wp-content\/uploads\/calendario-2025-madrid.jpg\"><img loading=\"lazy\" decoding=\"async\" width=\"591\" height=\"787\" data-id=\"3147\" src=\"https:\/\/projeteducatifniger.org\/wp-content\/uploads\/calendario-2025-madrid.jpg\" alt=\"\" class=\"wp-image-3147\" title=\"Calendario de Madrid\" srcset=\"https:\/\/projeteducatifniger.org\/wp-content\/uploads\/calendario-2025-madrid.jpg 591w, https:\/\/projeteducatifniger.org\/wp-content\/uploads\/calendario-2025-madrid-480x639.jpg 480w\" sizes=\"(min-width: 0px) and (max-width: 480px) 480px, (min-width: 481px) 591px, 100vw\" \/><\/a><figcaption class=\"wp-element-caption\">Calendario de Madrid<\/figcaption><\/figure>\n\n\n\n<figure class=\"wp-block-image size-large\"><a href=\"https:\/\/projeteducatifniger.org\/wp-content\/uploads\/calendario-2025-valencia.jpg\"><img loading=\"lazy\" decoding=\"async\" width=\"563\" height=\"796\" data-id=\"3145\" src=\"https:\/\/projeteducatifniger.org\/wp-content\/uploads\/calendario-2025-valencia.jpg\" alt=\"\" class=\"wp-image-3145\" title=\"Calendario de Valencia\" srcset=\"https:\/\/projeteducatifniger.org\/wp-content\/uploads\/calendario-2025-valencia.jpg 563w, https:\/\/projeteducatifniger.org\/wp-content\/uploads\/calendario-2025-valencia-480x679.jpg 480w\" sizes=\"(min-width: 0px) and (max-width: 480px) 480px, (min-width: 481px) 563px, 100vw\" \/><\/a><figcaption class=\"wp-element-caption\">Calendario de Valencia<\/figcaption><\/figure>\n<\/figure>\n\n\n\n<p>La difusi\u00f3n de estos calendarios ya ha empezado.<\/p>\n\n\n\n<p>Por otra parte, los alumnos ya escribieron sus primeras cartas.<\/p>\n\n\n\n<p>Los kits de material escolar han sido distribuidos a todos los alumnos nigerinos participando al Proyecto gracias a la dedicaci\u00f3n de nuestro equipo en N\u00edger.<\/p>\n\n\n\n<p>Esta distribuci\u00f3n se hizo en 2 veces: la primera el 19 de noviembre y la segunda el fin de semana del 7 de diciembre. Son casi 1300 ni\u00f1os que se benefician de esta acci\u00f3n.<\/p>\n\n\n\n<p>Os recordamos que cada familia participa hasta el 15% del precio real del kit.<\/p>\n\n\n\n<p>Asimismo, proponemos directamente a los ni\u00f1os unas actividades remunerativas (colecci\u00f3n de ciertas plantas forrajeras) para permitirles financiar ellos mismos una parte del kit.<\/p>\n\n\n\n<p>El n\u00famero de ni\u00f1os participando al Proyecto N\u00edger ha aumentado de 20% este a\u00f1o.<\/p>\n\n\n\n<figure class=\"wp-block-image size-full\"><a href=\"https:\/\/projeteducatifniger.org\/wp-content\/uploads\/octubre-1.jpg\"><img loading=\"lazy\" decoding=\"async\" width=\"1020\" height=\"768\" src=\"https:\/\/projeteducatifniger.org\/wp-content\/uploads\/octubre-1.jpg\" alt=\"\" class=\"wp-image-3143\" srcset=\"https:\/\/projeteducatifniger.org\/wp-content\/uploads\/octubre-1.jpg 1020w, https:\/\/projeteducatifniger.org\/wp-content\/uploads\/octubre-1-980x738.jpg 980w, https:\/\/projeteducatifniger.org\/wp-content\/uploads\/octubre-1-480x361.jpg 480w\" sizes=\"(min-width: 0px) and (max-width: 480px) 480px, (min-width: 481px) and (max-width: 980px) 980px, (min-width: 981px) 1020px, 100vw\" \/><\/a><\/figure>\n\n\n\n<p>Y el primer taller de formaci\u00f3n destinado a los profesores tuvo lugar el fin de semana del 1 de diciembre. <\/p>\n\n\n\n<figure class=\"wp-block-gallery has-nested-images columns-default is-cropped wp-block-gallery-2 is-layout-flex wp-block-gallery-is-layout-flex\">\n<figure class=\"wp-block-image size-large\"><a href=\"https:\/\/projeteducatifniger.org\/wp-content\/uploads\/octubre-2.jpg\"><img loading=\"lazy\" decoding=\"async\" width=\"762\" height=\"1016\" data-id=\"3141\" src=\"https:\/\/projeteducatifniger.org\/wp-content\/uploads\/octubre-2.jpg\" alt=\"\" class=\"wp-image-3141\" srcset=\"https:\/\/projeteducatifniger.org\/wp-content\/uploads\/octubre-2.jpg 762w, https:\/\/projeteducatifniger.org\/wp-content\/uploads\/octubre-2-480x640.jpg 480w\" sizes=\"(min-width: 0px) and (max-width: 480px) 480px, (min-width: 481px) 762px, 100vw\" \/><\/a><\/figure>\n\n\n\n<figure class=\"wp-block-image size-large\"><a href=\"https:\/\/projeteducatifniger.org\/wp-content\/uploads\/octubre-3.jpg\"><img loading=\"lazy\" decoding=\"async\" width=\"762\" height=\"1016\" data-id=\"3139\" src=\"https:\/\/projeteducatifniger.org\/wp-content\/uploads\/octubre-3.jpg\" alt=\"\" class=\"wp-image-3139\" srcset=\"https:\/\/projeteducatifniger.org\/wp-content\/uploads\/octubre-3.jpg 762w, https:\/\/projeteducatifniger.org\/wp-content\/uploads\/octubre-3-480x640.jpg 480w\" sizes=\"(min-width: 0px) and (max-width: 480px) 480px, (min-width: 481px) 762px, 100vw\" \/><\/a><\/figure>\n<\/figure>\n\n\n\n<p>\u00a1Todo el equipo del Proyecto N\u00edger os desea unas felices fiestas!<\/p>\n\n\n\n<p>Sophie Castelblanque para el Proyecto N\u00edger<\/p>\n","protected":false},"excerpt":{"rendered":"<p>\u00a1Hola a tod@s! Han pasado 2 meses desde la publicaci\u00f3n de nuestro \u00faltimo art\u00edculo. Lo sentimos much\u00edsimo. \u00a1Pero volvemos con mucha energ\u00eda! La ganadora del concurso de dibujo que sirve para ilustrar nuestro calendario del Liceo franc\u00e9s de Madrid es Gala Vega. Inauguramos este a\u00f1o con una novedad: el Liceo franc\u00e9s de Valencia organiz\u00f3 tambi\u00e9n [&hellip;]<\/p>\n","protected":false},"author":3,"featured_media":3112,"comment_status":"closed","ping_status":"open","sticky":false,"template":"","format":"standard","meta":{"_et_pb_use_builder":"off","_et_pb_old_content":"","_et_gb_content_width":"1080","footnotes":""},"categories":[25],"tags":[],"class_list":["post-3161","post","type-post","status-publish","format-standard","has-post-thumbnail","hentry","category-non-classifiee-es"],"_links":{"self":[{"href":"https:\/\/projeteducatifniger.org\/es\/wp-json\/wp\/v2\/posts\/3161","targetHints":{"allow":["GET"]}}],"collection":[{"href":"https:\/\/projeteducatifniger.org\/es\/wp-json\/wp\/v2\/posts"}],"about":[{"href":"https:\/\/projeteducatifniger.org\/es\/wp-json\/wp\/v2\/types\/post"}],"author":[{"embeddable":true,"href":"https:\/\/projeteducatifniger.org\/es\/wp-json\/wp\/v2\/users\/3"}],"replies":[{"embeddable":true,"href":"https:\/\/projeteducatifniger.org\/es\/wp-json\/wp\/v2\/comments?post=3161"}],"version-history":[{"count":3,"href":"https:\/\/projeteducatifniger.org\/es\/wp-json\/wp\/v2\/posts\/3161\/revisions"}],"predecessor-version":[{"id":3164,"href":"https:\/\/projeteducatifniger.org\/es\/wp-json\/wp\/v2\/posts\/3161\/revisions\/3164"}],"wp:featuredmedia":[{"embeddable":true,"href":"https:\/\/projeteducatifniger.org\/es\/wp-json\/wp\/v2\/media\/3112"}],"wp:attachment":[{"href":"https:\/\/projeteducatifniger.org\/es\/wp-json\/wp\/v2\/media?parent=3161"}],"wp:term":[{"taxonomy":"category","embeddable":true,"href":"https:\/\/projeteducatifniger.org\/es\/wp-json\/wp\/v2\/categories?post=3161"},{"taxonomy":"post_tag","embeddable":true,"href":"https:\/\/projeteducatifniger.org\/es\/wp-json\/wp\/v2\/tags?post=3161"}],"curies":[{"name":"wp","href":"https:\/\/api.w.org\/{rel}","templated":true}]}}