{"id":3079,"date":"2024-06-24T10:08:51","date_gmt":"2024-06-24T09:08:51","guid":{"rendered":"https:\/\/projeteducatifniger.org\/juin-2024\/"},"modified":"2024-06-24T10:15:17","modified_gmt":"2024-06-24T09:15:17","slug":"juin-2024","status":"publish","type":"post","link":"https:\/\/projeteducatifniger.org\/es\/juin-2024\/","title":{"rendered":"Junio 2024"},"content":{"rendered":"\n<p>Antes de terminar el a\u00f1o escolar 2023\/2024, el Proyecto N\u00edger fue al Liceo Franc\u00e9s de Madrid el jueves 6 de junio para conocer a Beatriz Aguayo de CM2 I, la alumna que realiz\u00f3 el dibujo seleccionado para nuestro calendario 2024.<\/p>\n\n<p>Al llegar, el director de Primaria, Thomas Letessier, nos recibi\u00f3, y luego subimos juntos a las aulas para entregar a nuestra joven y talentosa artista unos regalos m\u00e1s que merecidos.<\/p>\n\n<figure class=\"wp-block-image size-large\"><a href=\"https:\/\/projeteducatifniger.org\/wp-content\/uploads\/post-juin-2024.jpg\"><img loading=\"lazy\" decoding=\"async\" width=\"1024\" height=\"768\" src=\"https:\/\/projeteducatifniger.org\/wp-content\/uploads\/post-juin-2024-1024x768.jpg\" alt=\"\" class=\"wp-image-3074\" srcset=\"https:\/\/projeteducatifniger.org\/wp-content\/uploads\/post-juin-2024-980x735.jpg 980w, https:\/\/projeteducatifniger.org\/wp-content\/uploads\/post-juin-2024-480x360.jpg 480w\" sizes=\"(min-width: 0px) and (max-width: 480px) 480px, (min-width: 481px) and (max-width: 980px) 980px, (min-width: 981px) 1024px, 100vw\" \/><\/a><figcaption class=\"wp-element-caption\">De izquierda a derecha :  St\u00e9phanie Michaut, profesora de CM2 I, Thomas Letessier, Director du Primaria, Beatriz Aguayo, la ganadora y Christian Moreau, Presidente del Proyecto N\u00edger. <\/figcaption><\/figure>\n\n<p> <\/p>\n\n<p>Ya nuestro equipo de voluntarios est\u00e1 preparando las futuras acciones con mucho entusiasmo y mucha determinaci\u00f3n. <\/p>\n\n<p>\u00a1Os deseamos un feliz verano! <\/p>\n\n<p class=\"has-text-align-right\">Sophie Castelblanque para el Proyecto N\u00edger<\/p>\n","protected":false},"excerpt":{"rendered":"<p>Antes de terminar el a\u00f1o escolar 2023\/2024, el Proyecto N\u00edger fue al Liceo Franc\u00e9s de Madrid el jueves 6 de junio para conocer a Beatriz Aguayo de CM2 I, la alumna que realiz\u00f3 el dibujo seleccionado para nuestro calendario 2024. Al llegar, el director de Primaria, Thomas Letessier, nos recibi\u00f3, y luego subimos juntos a [&hellip;]<\/p>\n","protected":false},"author":3,"featured_media":3075,"comment_status":"closed","ping_status":"open","sticky":false,"template":"","format":"standard","meta":{"_et_pb_use_builder":"off","_et_pb_old_content":"","_et_gb_content_width":"","footnotes":""},"categories":[25],"tags":[],"class_list":["post-3079","post","type-post","status-publish","format-standard","has-post-thumbnail","hentry","category-non-classifiee-es"],"_links":{"self":[{"href":"https:\/\/projeteducatifniger.org\/es\/wp-json\/wp\/v2\/posts\/3079","targetHints":{"allow":["GET"]}}],"collection":[{"href":"https:\/\/projeteducatifniger.org\/es\/wp-json\/wp\/v2\/posts"}],"about":[{"href":"https:\/\/projeteducatifniger.org\/es\/wp-json\/wp\/v2\/types\/post"}],"author":[{"embeddable":true,"href":"https:\/\/projeteducatifniger.org\/es\/wp-json\/wp\/v2\/users\/3"}],"replies":[{"embeddable":true,"href":"https:\/\/projeteducatifniger.org\/es\/wp-json\/wp\/v2\/comments?post=3079"}],"version-history":[{"count":2,"href":"https:\/\/projeteducatifniger.org\/es\/wp-json\/wp\/v2\/posts\/3079\/revisions"}],"predecessor-version":[{"id":3081,"href":"https:\/\/projeteducatifniger.org\/es\/wp-json\/wp\/v2\/posts\/3079\/revisions\/3081"}],"wp:featuredmedia":[{"embeddable":true,"href":"https:\/\/projeteducatifniger.org\/es\/wp-json\/wp\/v2\/media\/3075"}],"wp:attachment":[{"href":"https:\/\/projeteducatifniger.org\/es\/wp-json\/wp\/v2\/media?parent=3079"}],"wp:term":[{"taxonomy":"category","embeddable":true,"href":"https:\/\/projeteducatifniger.org\/es\/wp-json\/wp\/v2\/categories?post=3079"},{"taxonomy":"post_tag","embeddable":true,"href":"https:\/\/projeteducatifniger.org\/es\/wp-json\/wp\/v2\/tags?post=3079"}],"curies":[{"name":"wp","href":"https:\/\/api.w.org\/{rel}","templated":true}]}}