{"id":3001,"date":"2023-12-14T10:01:54","date_gmt":"2023-12-14T09:01:54","guid":{"rendered":"https:\/\/projeteducatifniger.org\/hola-a-tods\/"},"modified":"2023-12-14T10:27:36","modified_gmt":"2023-12-14T09:27:36","slug":"hola-a-tods","status":"publish","type":"post","link":"https:\/\/projeteducatifniger.org\/es\/hola-a-tods\/","title":{"rendered":"\u00a1Hola a tod@s!"},"content":{"rendered":"\n<p>Como os lo anunci\u00e1bamos en nuestro \u00faltimo art\u00edculo, se uni\u00f3 a nuestro equipo Aitana, una antigua alumna del Liceo Franc\u00e9s de Madrid que particip\u00f3 y se entusiasm\u00f3 por el Proyecto N\u00edger y que actualmente cursa su \u00faltimo a\u00f1o de medicina en Madrid. Gracias a ella, nos gustar\u00eda reforzar nuestras acciones en el \u00e1mbito sanitario. Aitana ya ha empezado a trabajar y ha contactado con unos m\u00e9dicos y cirujanos nigerinos para preparar un informe sobre el estado sanitario en la regi\u00f3n de Tessa. \u00a1Bienvenida!<\/p>\n\n\n\n<p>Despu\u00e9s de encontrar muchas dificultades relacionadas con la instabilidad en N\u00edger, finalmente el material escolar ha sido entregado a cada alumno participando al Proyecto. M\u00e1s de 1000 kits han sido distribuidos por una docena de voluntarios. \u00a1Muchas gracias a tod@s ell@s !<\/p>\n\n\n\n<p><\/p>\n\n\n\n<div class=\"wp-block-columns is-layout-flex wp-container-core-columns-is-layout-9d6595d7 wp-block-columns-is-layout-flex\">\n<div class=\"wp-block-column is-layout-flow wp-block-column-is-layout-flow\">\n<figure class=\"wp-block-image size-full\"><a href=\"https:\/\/projeteducatifniger.org\/wp-content\/uploads\/14-12-2023-Niger.jpg\"><img loading=\"lazy\" decoding=\"async\" width=\"1000\" height=\"750\" src=\"https:\/\/projeteducatifniger.org\/wp-content\/uploads\/14-12-2023-Niger.jpg\" alt=\"\" class=\"wp-image-2980\" srcset=\"https:\/\/projeteducatifniger.org\/wp-content\/uploads\/14-12-2023-Niger.jpg 1000w, https:\/\/projeteducatifniger.org\/wp-content\/uploads\/14-12-2023-Niger-980x735.jpg 980w, https:\/\/projeteducatifniger.org\/wp-content\/uploads\/14-12-2023-Niger-480x360.jpg 480w\" sizes=\"(min-width: 0px) and (max-width: 480px) 480px, (min-width: 481px) and (max-width: 980px) 980px, (min-width: 981px) 1000px, 100vw\" \/><\/a><figcaption class=\"wp-element-caption\"><em>De izq \u00e0 dcha: Ramatou, Rigo, Amadou, El Hadj et Isabelle<\/em><\/figcaption><\/figure>\n<\/div>\n\n\n\n<div class=\"wp-block-column is-layout-flow wp-block-column-is-layout-flow\">\n<figure class=\"wp-block-image size-full\"><a href=\"https:\/\/projeteducatifniger.org\/wp-content\/uploads\/14-12-2023-Niger2.jpg\"><img loading=\"lazy\" decoding=\"async\" width=\"1000\" height=\"750\" src=\"https:\/\/projeteducatifniger.org\/wp-content\/uploads\/14-12-2023-Niger2.jpg\" alt=\"\" class=\"wp-image-2982\" srcset=\"https:\/\/projeteducatifniger.org\/wp-content\/uploads\/14-12-2023-Niger2.jpg 1000w, https:\/\/projeteducatifniger.org\/wp-content\/uploads\/14-12-2023-Niger2-980x735.jpg 980w, https:\/\/projeteducatifniger.org\/wp-content\/uploads\/14-12-2023-Niger2-480x360.jpg 480w\" sizes=\"(min-width: 0px) and (max-width: 480px) 480px, (min-width: 481px) and (max-width: 980px) 980px, (min-width: 981px) 1000px, 100vw\" \/><\/a><\/figure>\n<\/div>\n<\/div>\n\n\n\n<div class=\"wp-block-columns is-layout-flex wp-container-core-columns-is-layout-9d6595d7 wp-block-columns-is-layout-flex\">\n<div class=\"wp-block-column is-layout-flow wp-block-column-is-layout-flow\"><\/div>\n<\/div>\n\n\n\n<div class=\"wp-block-columns is-layout-flex wp-container-core-columns-is-layout-9d6595d7 wp-block-columns-is-layout-flex\">\n<div class=\"wp-block-column is-layout-flow wp-block-column-is-layout-flow\">\n<div class=\"wp-block-columns is-layout-flex wp-container-core-columns-is-layout-9d6595d7 wp-block-columns-is-layout-flex\"><\/div>\n<\/div>\n<\/div>\n\n\n\n<div class=\"wp-block-columns is-layout-flex wp-container-core-columns-is-layout-9d6595d7 wp-block-columns-is-layout-flex\">\n<div class=\"wp-block-column is-layout-flow wp-block-column-is-layout-flow\" style=\"flex-basis:33.33%\">\n<figure class=\"wp-block-image alignleft size-full is-resized\"><a href=\"https:\/\/projeteducatifniger.org\/wp-content\/uploads\/14-12-2023-Niger4.jpg\"><img loading=\"lazy\" decoding=\"async\" src=\"https:\/\/projeteducatifniger.org\/wp-content\/uploads\/14-12-2023-Niger4.jpg\" alt=\"\" class=\"wp-image-2986\" width=\"250\" height=\"354\" srcset=\"https:\/\/projeteducatifniger.org\/wp-content\/uploads\/14-12-2023-Niger4.jpg 471w, https:\/\/projeteducatifniger.org\/wp-content\/uploads\/14-12-2023-Niger4-212x300.jpg 212w\" sizes=\"(max-width: 250px) 100vw, 250px\" \/><\/a><\/figure>\n<\/div>\n\n\n\n<div class=\"wp-block-column is-layout-flow wp-block-column-is-layout-flow\" style=\"flex-basis:66.66%\">\n<p><\/p>\n\n\n\n<p>La comunidad educativa del Liceo Franc\u00e9s de Valencia propuso la posibilidad de adquirir nuestro calendario 2023\/2024 a trav\u00e9s internet. Esto nos va a permitir llegar a un mayor n\u00famero de personas.<\/p>\n<\/div>\n<\/div>\n\n\n\n<div class=\"wp-block-columns is-layout-flex wp-container-core-columns-is-layout-9d6595d7 wp-block-columns-is-layout-flex\">\n<div class=\"wp-block-column is-layout-flow wp-block-column-is-layout-flow\" style=\"flex-basis:66.66%\">\n<p>Como anunciado en nuestro \u00faltimo art\u00edculo, los alumnos de Espa\u00f1a y de N\u00edger terminaron las cartas del primer trimestre. Las 350 cartas nigerinas llegaron ya a Madrid y las espa\u00f1olas se enviaron el martes 12 de diciembre.<\/p>\n\n\n\n<hr class=\"wp-block-separator has-alpha-channel-opacity\"\/>\n\n\n\n<p><strong>\u00a1No olvid\u00e9is que sois nuestra \u00fanica fuente de financiaci\u00f3n para poner en marcha nuestras acciones en N\u00edger! Si quer\u00e9is participar en nuestro Proyecto, pod\u00e9is mandar vuestras donaciones a la cuenta bancaria de la asociaci\u00f3n Proyecto N\u00edger: <a rel=\"noreferrer noopener\" href=\"https:\/\/projeteducatifniger.org\/wp-content\/uploads\/formulaire-don-2024-1.pdf\" target=\"_blank\"> Comprar el Calendario 2024<\/a><\/strong><\/p>\n\n\n\n<p>El Proyecto N\u00edger, compuesto \u00fanicamente de voluntarios, necesita vuestra ayuda para seguir desarrollando sus acciones. \u00a1Gracias a tod@s!<\/p>\n\n\n\n<p>\u00a1Qu\u00e9 pas\u00e9is unas buenas vacaciones y unas felices fiestas de fin de a\u00f1o!<\/p>\n\n\n\n<p>Sophie Castelblanque para el Proyecto N\u00edger<\/p>\n<\/div>\n\n\n\n<div class=\"wp-block-column is-layout-flow wp-block-column-is-layout-flow\" style=\"flex-basis:33.33%\">\n<figure class=\"wp-block-image size-full is-resized\"><a href=\"https:\/\/projeteducatifniger.org\/wp-content\/uploads\/14-12-2023-Niger5.jpg\"><img loading=\"lazy\" decoding=\"async\" src=\"https:\/\/projeteducatifniger.org\/wp-content\/uploads\/14-12-2023-Niger5.jpg\" alt=\"\" class=\"wp-image-2988\" width=\"313\" height=\"431\"\/><\/a><\/figure>\n<\/div>\n<\/div>\n\n\n\n<div class=\"wp-block-columns is-layout-flex wp-container-core-columns-is-layout-9d6595d7 wp-block-columns-is-layout-flex\">\n<div class=\"wp-block-column is-layout-flow wp-block-column-is-layout-flow\"><\/div>\n\n\n\n<div class=\"wp-block-column is-layout-flow wp-block-column-is-layout-flow\"><\/div>\n<\/div>\n\n\n\n<div class=\"wp-block-columns is-layout-flex wp-container-core-columns-is-layout-9d6595d7 wp-block-columns-is-layout-flex\">\n<div class=\"wp-block-column is-layout-flow wp-block-column-is-layout-flow\">\n<blockquote class=\"wp-block-quote is-layout-flow wp-block-quote-is-layout-flow\">\n<p><\/p>\n<\/blockquote>\n<\/div>\n<\/div>\n","protected":false},"excerpt":{"rendered":"<p>Como os lo anunci\u00e1bamos en nuestro \u00faltimo art\u00edculo, se uni\u00f3 a nuestro equipo Aitana, una antigua alumna del Liceo Franc\u00e9s de Madrid que particip\u00f3 y se entusiasm\u00f3 por el Proyecto N\u00edger y que actualmente cursa su \u00faltimo a\u00f1o de medicina en Madrid. Gracias a ella, nos gustar\u00eda reforzar nuestras acciones en el \u00e1mbito sanitario. Aitana [&hellip;]<\/p>\n","protected":false},"author":1,"featured_media":2985,"comment_status":"closed","ping_status":"open","sticky":false,"template":"","format":"standard","meta":{"_et_pb_use_builder":"off","_et_pb_old_content":"","_et_gb_content_width":"","footnotes":""},"categories":[25],"tags":[],"class_list":["post-3001","post","type-post","status-publish","format-standard","has-post-thumbnail","hentry","category-non-classifiee-es"],"_links":{"self":[{"href":"https:\/\/projeteducatifniger.org\/es\/wp-json\/wp\/v2\/posts\/3001","targetHints":{"allow":["GET"]}}],"collection":[{"href":"https:\/\/projeteducatifniger.org\/es\/wp-json\/wp\/v2\/posts"}],"about":[{"href":"https:\/\/projeteducatifniger.org\/es\/wp-json\/wp\/v2\/types\/post"}],"author":[{"embeddable":true,"href":"https:\/\/projeteducatifniger.org\/es\/wp-json\/wp\/v2\/users\/1"}],"replies":[{"embeddable":true,"href":"https:\/\/projeteducatifniger.org\/es\/wp-json\/wp\/v2\/comments?post=3001"}],"version-history":[{"count":3,"href":"https:\/\/projeteducatifniger.org\/es\/wp-json\/wp\/v2\/posts\/3001\/revisions"}],"predecessor-version":[{"id":3004,"href":"https:\/\/projeteducatifniger.org\/es\/wp-json\/wp\/v2\/posts\/3001\/revisions\/3004"}],"wp:featuredmedia":[{"embeddable":true,"href":"https:\/\/projeteducatifniger.org\/es\/wp-json\/wp\/v2\/media\/2985"}],"wp:attachment":[{"href":"https:\/\/projeteducatifniger.org\/es\/wp-json\/wp\/v2\/media?parent=3001"}],"wp:term":[{"taxonomy":"category","embeddable":true,"href":"https:\/\/projeteducatifniger.org\/es\/wp-json\/wp\/v2\/categories?post=3001"},{"taxonomy":"post_tag","embeddable":true,"href":"https:\/\/projeteducatifniger.org\/es\/wp-json\/wp\/v2\/tags?post=3001"}],"curies":[{"name":"wp","href":"https:\/\/api.w.org\/{rel}","templated":true}]}}