{"id":2896,"date":"2023-06-23T14:02:44","date_gmt":"2023-06-23T13:02:44","guid":{"rendered":"https:\/\/projeteducatifniger.org\/juin-2023\/"},"modified":"2023-06-23T14:44:06","modified_gmt":"2023-06-23T13:44:06","slug":"juin-2023","status":"publish","type":"post","link":"https:\/\/projeteducatifniger.org\/es\/juin-2023\/","title":{"rendered":"Junio 2023"},"content":{"rendered":"\n<p>\u00a1Hola a tod@s!<\/p>\n\n<p>El a\u00f1o escolar 2022\/2023 se est\u00e1 acabando. Es ahora el momento de hacer el balance. Nos complace anunciaros que todas las acciones anuales previstas han sido realizadas con \u00e9xito y queremos recordaros algunas en particular:<\/p>\n\n<ul class=\"wp-block-list\">\n<li><p>La construcci\u00f3n de la octava clase en Tessa-Quartier<\/p><\/li>\n\n\n\n<li>El refuerzo de la colaboraci\u00f3n pedag\u00f3gica con los colegios participando al Proyecto<\/li>\n\n\n\n<li>El refuerzo de las relaciones con las autoridades pedag\u00f3gicas y administrativas locales<\/li>\n\n\n\n<li>Una mejor implantaci\u00f3n e implicaci\u00f3n del Proyecto con las poblaciones locales<\/li>\n<\/ul>\n\n<p>Evidentemente, nada habr\u00eda sido posible sin el apoyo incondicional de la comunidad educativa del LFM: administraci\u00f3n, profesores, alumnos y padres. \u00a1Les damos las gracias \u00e0 tod@s! <\/p>\n\n<p>Ya estamos preparando las futuras acciones con mucho entusiasmo y mucha determinaci\u00f3n. <\/p>\n\n<p>Pero no tenemos que olvidar las \u00faltimas 3 acciones que tuvieron lugar en junio antes de dar por acabado el a\u00f1o escolar:<\/p>\n\n<ul class=\"wp-block-list\">\n<li>El lunes 5 de junio, el Proyecto N\u00edger fue al Liceo Franc\u00e9s de Madrid para conocer a Lea Gil Solana de CM2B, la alumna que realiz\u00f3 el dibujo seleccionado para nuestro calendario 2023. <\/li>\n<\/ul>\n\n<p>Al llegar, el director de Primaria, Thomas Letessier, nos recibi\u00f3, y luego subimos juntos a las aulas para entregar a nuestra joven y talentosa artista unos regalos m\u00e1s que merecidos.<\/p>\n\n<div class=\"wp-block-columns is-layout-flex wp-container-core-columns-is-layout-9d6595d7 wp-block-columns-is-layout-flex\">\n<div class=\"wp-block-column is-layout-flow wp-block-column-is-layout-flow\">\n<figure class=\"wp-block-image size-full\"><a href=\"https:\/\/projeteducatifniger.org\/wp-content\/uploads\/post-juin-1.jpg\"><img loading=\"lazy\" decoding=\"async\" width=\"882\" height=\"516\" src=\"https:\/\/projeteducatifniger.org\/wp-content\/uploads\/post-juin-1.jpg\" alt=\"\" class=\"wp-image-2890\" srcset=\"https:\/\/projeteducatifniger.org\/wp-content\/uploads\/post-juin-1.jpg 882w, https:\/\/projeteducatifniger.org\/wp-content\/uploads\/post-juin-1-480x281.jpg 480w\" sizes=\"(min-width: 0px) and (max-width: 480px) 480px, (min-width: 481px) 882px, 100vw\" \/><\/a><\/figure>\n<\/div>\n\n\n\n<div class=\"wp-block-column is-layout-flow wp-block-column-is-layout-flow\">\n<p>De izquierda a derecha: <\/p>\n\n\n\n<p>Sylvie Morales, profesora de CM2B, Christian Moreau, presidente del Proyecto N\u00edger, Lea Gil Solana, la ganadora y Thomas Letessier, director de Primaria.<\/p>\n<\/div>\n<\/div>\n\n<div class=\"wp-block-columns is-layout-flex wp-container-core-columns-is-layout-9d6595d7 wp-block-columns-is-layout-flex\">\n<div class=\"wp-block-column is-layout-flow wp-block-column-is-layout-flow\">\n<p>El 11 de junio, Amadou y Rigo se desplazaron hasta los pueblos para realizar la renovaci\u00f3n de los beneficiarios de las cabras que se hace gracias a un sorteo entre los alumnos de CM2. Recordemos el objetivo: para luchar contra el abandono escolar, los beneficiarios reciben una cabra durante un a\u00f1o y se quedan con algunos de los bebes nacidos durante ese a\u00f1o (la cabra se devuelve). Esto les permite empezar la formaci\u00f3n de un peque\u00f1o reba\u00f1o.<\/p>\n\n\n\n<p>Cada a\u00f1o son entre 80 y 100 personas que pueden aprovechar esta acci\u00f3n que gusta mucho.<\/p>\n<\/div>\n\n\n\n<div class=\"wp-block-column is-layout-flow wp-block-column-is-layout-flow\">\n<figure class=\"wp-block-image size-large\"><a href=\"https:\/\/projeteducatifniger.org\/wp-content\/uploads\/post-juin-2.jpg\"><img loading=\"lazy\" decoding=\"async\" width=\"768\" height=\"1024\" src=\"https:\/\/projeteducatifniger.org\/wp-content\/uploads\/post-juin-2-768x1024.jpg\" alt=\"\" class=\"wp-image-2888\" srcset=\"https:\/\/projeteducatifniger.org\/wp-content\/uploads\/post-juin-2-768x1024.jpg 768w, https:\/\/projeteducatifniger.org\/wp-content\/uploads\/post-juin-2-480x640.jpg 480w\" sizes=\"(min-width: 0px) and (max-width: 480px) 480px, (min-width: 481px) 768px, 100vw\" \/><\/a><\/figure>\n<\/div>\n<\/div>\n\n<div class=\"wp-block-columns is-layout-flex wp-container-core-columns-is-layout-9d6595d7 wp-block-columns-is-layout-flex\">\n<div class=\"wp-block-column is-layout-flow wp-block-column-is-layout-flow\">\n<p>El s\u00e1bado 17 de junio, Amadou y Rigo salieron otra vez hasta los pueblos para renovar los microcr\u00e9ditos para las madres de los alumnos (127 mamas benefician de esta acci\u00f3n este a\u00f1o).<\/p>\n<\/div>\n\n\n\n<div class=\"wp-block-column is-layout-flow wp-block-column-is-layout-flow\">\n<figure class=\"wp-block-image size-large\"><a href=\"https:\/\/projeteducatifniger.org\/wp-content\/uploads\/post-juin-3.jpg\"><img loading=\"lazy\" decoding=\"async\" width=\"1024\" height=\"768\" src=\"https:\/\/projeteducatifniger.org\/wp-content\/uploads\/post-juin-3-1024x768.jpg\" alt=\"\" class=\"wp-image-2886\" srcset=\"https:\/\/projeteducatifniger.org\/wp-content\/uploads\/post-juin-3-1024x768.jpg 1024w, https:\/\/projeteducatifniger.org\/wp-content\/uploads\/post-juin-3-980x735.jpg 980w, https:\/\/projeteducatifniger.org\/wp-content\/uploads\/post-juin-3-480x360.jpg 480w\" sizes=\"(min-width: 0px) and (max-width: 480px) 480px, (min-width: 481px) and (max-width: 980px) 980px, (min-width: 981px) 1024px, 100vw\" \/><\/a><\/figure>\n<\/div>\n<\/div>\n\n<div class=\"wp-block-columns is-layout-flex wp-container-core-columns-is-layout-9d6595d7 wp-block-columns-is-layout-flex\">\n<div class=\"wp-block-column is-layout-flow wp-block-column-is-layout-flow\">\n<p>Finalmente, el cartel para la construcci\u00f3n de la clase de Tessa-Quartier ha sido entregado y puesto, poniendo un punto y final a este proyecto.<\/p>\n<\/div>\n\n\n\n<div class=\"wp-block-column is-layout-flow wp-block-column-is-layout-flow\">\n<figure class=\"wp-block-image size-full\"><a href=\"https:\/\/projeteducatifniger.org\/wp-content\/uploads\/post-juin-4.jpg\"><img loading=\"lazy\" decoding=\"async\" width=\"1000\" height=\"750\" src=\"https:\/\/projeteducatifniger.org\/wp-content\/uploads\/post-juin-4.jpg\" alt=\"\" class=\"wp-image-2884\" srcset=\"https:\/\/projeteducatifniger.org\/wp-content\/uploads\/post-juin-4.jpg 1000w, https:\/\/projeteducatifniger.org\/wp-content\/uploads\/post-juin-4-980x735.jpg 980w, https:\/\/projeteducatifniger.org\/wp-content\/uploads\/post-juin-4-480x360.jpg 480w\" sizes=\"(min-width: 0px) and (max-width: 480px) 480px, (min-width: 481px) and (max-width: 980px) 980px, (min-width: 981px) 1000px, 100vw\" \/><\/a><\/figure>\n<\/div>\n<\/div>\n\n<p>\u00a1Os deseamos un feliz verano! <\/p>\n\n<p class=\"has-text-align-right\">Sophie Castelblanque para el Proyecto N\u00edger<\/p>\n","protected":false},"excerpt":{"rendered":"<p>\u00a1Hola a tod@s! El a\u00f1o escolar 2022\/2023 se est\u00e1 acabando. Es ahora el momento de hacer el balance. Nos complace anunciaros que todas las acciones anuales previstas han sido realizadas con \u00e9xito y queremos recordaros algunas en particular: Evidentemente, nada habr\u00eda sido posible sin el apoyo incondicional de la comunidad educativa del LFM: administraci\u00f3n, profesores, [&hellip;]<\/p>\n","protected":false},"author":3,"featured_media":2891,"comment_status":"closed","ping_status":"open","sticky":false,"template":"","format":"standard","meta":{"_et_pb_use_builder":"off","_et_pb_old_content":"","_et_gb_content_width":"","footnotes":""},"categories":[25],"tags":[],"class_list":["post-2896","post","type-post","status-publish","format-standard","has-post-thumbnail","hentry","category-non-classifiee-es"],"_links":{"self":[{"href":"https:\/\/projeteducatifniger.org\/es\/wp-json\/wp\/v2\/posts\/2896","targetHints":{"allow":["GET"]}}],"collection":[{"href":"https:\/\/projeteducatifniger.org\/es\/wp-json\/wp\/v2\/posts"}],"about":[{"href":"https:\/\/projeteducatifniger.org\/es\/wp-json\/wp\/v2\/types\/post"}],"author":[{"embeddable":true,"href":"https:\/\/projeteducatifniger.org\/es\/wp-json\/wp\/v2\/users\/3"}],"replies":[{"embeddable":true,"href":"https:\/\/projeteducatifniger.org\/es\/wp-json\/wp\/v2\/comments?post=2896"}],"version-history":[{"count":2,"href":"https:\/\/projeteducatifniger.org\/es\/wp-json\/wp\/v2\/posts\/2896\/revisions"}],"predecessor-version":[{"id":2898,"href":"https:\/\/projeteducatifniger.org\/es\/wp-json\/wp\/v2\/posts\/2896\/revisions\/2898"}],"wp:featuredmedia":[{"embeddable":true,"href":"https:\/\/projeteducatifniger.org\/es\/wp-json\/wp\/v2\/media\/2891"}],"wp:attachment":[{"href":"https:\/\/projeteducatifniger.org\/es\/wp-json\/wp\/v2\/media?parent=2896"}],"wp:term":[{"taxonomy":"category","embeddable":true,"href":"https:\/\/projeteducatifniger.org\/es\/wp-json\/wp\/v2\/categories?post=2896"},{"taxonomy":"post_tag","embeddable":true,"href":"https:\/\/projeteducatifniger.org\/es\/wp-json\/wp\/v2\/tags?post=2896"}],"curies":[{"name":"wp","href":"https:\/\/api.w.org\/{rel}","templated":true}]}}