{"id":2859,"date":"2023-06-06T11:45:57","date_gmt":"2023-06-06T10:45:57","guid":{"rendered":"https:\/\/projeteducatifniger.org\/mai-2023\/"},"modified":"2023-06-06T12:52:26","modified_gmt":"2023-06-06T11:52:26","slug":"mayo-2023","status":"publish","type":"post","link":"https:\/\/projeteducatifniger.org\/es\/mayo-2023\/","title":{"rendered":"Mayo 2023"},"content":{"rendered":"\n<p>\u00a1Hola a tod@s!<\/p>\n\n\n\n<p>La tradicional Jornada de la Solidaridad organizada por el Liceo Franc\u00e9s de Madrid tuvo lugar este a\u00f1o el jueves 18 de mayo.<\/p>\n\n\n\n<p>El Proyecto N\u00edger estuvo representado por Christian Moreau, el fundador y Sophie Castelblanque, una voluntaria de Madrid.<\/p>\n\n\n\n<p><p>Miguel, Raad y Juan, alumnos de 2nde3, fueron sus embajadores durante todo el d\u00eda y estuvieron muy involucrados y muy eficaces.<\/p><\/p>\n\n\n\n<div class=\"wp-block-columns is-layout-flex wp-container-core-columns-is-layout-9d6595d7 wp-block-columns-is-layout-flex\">\n<div class=\"wp-block-column is-layout-flow wp-block-column-is-layout-flow\">\n<figure class=\"wp-block-image size-full\"><a href=\"https:\/\/projeteducatifniger.org\/wp-content\/uploads\/post-mai-1.jpg\"><img loading=\"lazy\" decoding=\"async\" width=\"1024\" height=\"768\" src=\"https:\/\/projeteducatifniger.org\/wp-content\/uploads\/post-mai-1.jpg\" alt=\"\" class=\"wp-image-2856\" srcset=\"https:\/\/projeteducatifniger.org\/wp-content\/uploads\/post-mai-1.jpg 1024w, https:\/\/projeteducatifniger.org\/wp-content\/uploads\/post-mai-1-980x735.jpg 980w, https:\/\/projeteducatifniger.org\/wp-content\/uploads\/post-mai-1-480x360.jpg 480w\" sizes=\"(min-width: 0px) and (max-width: 480px) 480px, (min-width: 481px) and (max-width: 980px) 980px, (min-width: 981px) 1024px, 100vw\" \/><\/a><\/figure>\n<\/div>\n\n\n\n<div class=\"wp-block-column is-layout-flow wp-block-column-is-layout-flow\">\n<figure class=\"wp-block-image size-full\"><a href=\"https:\/\/projeteducatifniger.org\/wp-content\/uploads\/post-mai-2.jpg\"><img loading=\"lazy\" decoding=\"async\" width=\"1024\" height=\"768\" src=\"https:\/\/projeteducatifniger.org\/wp-content\/uploads\/post-mai-2.jpg\" alt=\"\" class=\"wp-image-2854\" srcset=\"https:\/\/projeteducatifniger.org\/wp-content\/uploads\/post-mai-2.jpg 1024w, https:\/\/projeteducatifniger.org\/wp-content\/uploads\/post-mai-2-980x735.jpg 980w, https:\/\/projeteducatifniger.org\/wp-content\/uploads\/post-mai-2-480x360.jpg 480w\" sizes=\"(min-width: 0px) and (max-width: 480px) 480px, (min-width: 481px) and (max-width: 980px) 980px, (min-width: 981px) 1024px, 100vw\" \/><\/a><\/figure>\n<\/div>\n<\/div>\n\n\n\n<p>El objetivo principal de la jornada era sensibilizar a los alumnos presentes sobre las acciones que lleva a cabo el Proyecto N\u00edger, con el fin de recaudar el mayor n\u00famero posible de donaciones.  <\/p>\n\n\n\n<p><p>\u00a1Muchas gracias a los organizadores y al LFM por este d\u00eda rico en encuentros e intercambios!<br\/>La construcci\u00f3n de la octava clase et de sus letrinas ya est\u00e1 terminada. La entrega oficial de estos edificios a la alcald\u00eda de Tessa-Quartier ya tuvo lugar.<\/p><\/p>\n\n\n\n<div class=\"wp-block-columns is-layout-flex wp-container-core-columns-is-layout-9d6595d7 wp-block-columns-is-layout-flex\">\n<div class=\"wp-block-column is-layout-flow wp-block-column-is-layout-flow\">\n<figure class=\"wp-block-image size-full\"><a href=\"https:\/\/projeteducatifniger.org\/wp-content\/uploads\/post-mai-3.jpg\"><img loading=\"lazy\" decoding=\"async\" width=\"603\" height=\"452\" src=\"https:\/\/projeteducatifniger.org\/wp-content\/uploads\/post-mai-3.jpg\" alt=\"\" class=\"wp-image-2852\" srcset=\"https:\/\/projeteducatifniger.org\/wp-content\/uploads\/post-mai-3.jpg 603w, https:\/\/projeteducatifniger.org\/wp-content\/uploads\/post-mai-3-480x360.jpg 480w\" sizes=\"(min-width: 0px) and (max-width: 480px) 480px, (min-width: 481px) 603px, 100vw\" \/><\/a><\/figure>\n<\/div>\n\n\n\n<div class=\"wp-block-column is-layout-flow wp-block-column-is-layout-flow\">\n<figure class=\"wp-block-image size-full\"><a href=\"https:\/\/projeteducatifniger.org\/wp-content\/uploads\/post-mai-4.jpg\"><img loading=\"lazy\" decoding=\"async\" width=\"603\" height=\"452\" src=\"https:\/\/projeteducatifniger.org\/wp-content\/uploads\/post-mai-4.jpg\" alt=\"\" class=\"wp-image-2850\" srcset=\"https:\/\/projeteducatifniger.org\/wp-content\/uploads\/post-mai-4.jpg 603w, https:\/\/projeteducatifniger.org\/wp-content\/uploads\/post-mai-4-480x360.jpg 480w\" sizes=\"(min-width: 0px) and (max-width: 480px) 480px, (min-width: 481px) 603px, 100vw\" \/><\/a><\/figure>\n<\/div>\n<\/div>\n\n\n<figure style=\"width:500px;\" class=\"aligncenter wp-block-post-featured-image\"><img loading=\"lazy\" decoding=\"async\" width=\"609\" height=\"457\" src=\"https:\/\/projeteducatifniger.org\/wp-content\/uploads\/post-mai-5.jpg\" class=\"attachment-post-thumbnail size-post-thumbnail wp-post-image\" alt=\"\" style=\"object-fit:cover;\" srcset=\"https:\/\/projeteducatifniger.org\/wp-content\/uploads\/post-mai-5.jpg 609w, https:\/\/projeteducatifniger.org\/wp-content\/uploads\/post-mai-5-480x360.jpg 480w\" sizes=\"(min-width: 0px) and (max-width: 480px) 480px, (min-width: 481px) 609px, 100vw\" \/><\/figure>\n\n\n<p><p>Las correspondencias del tercer trimestre fueron enviadas desde N\u00edger el 25 de mayo. Las de Madrid se mandar\u00e1n el 5 de junio.<\/p><\/p>\n\n\n\n<p>Una novedad: un grupo de Whatsapp ha sido creado entre Christian Moreau, los voluntarios del Proyecto en N\u00edger, todos los profesores participando al Proyecto, la Inspecci\u00f3n de la Ense\u00f1anza de Primaria en Tessa y al Alcald\u00eda de Tessa con el fin de facilitar y fortalecer la comunicaci\u00f3n entre todos.<\/p>\n\n\n\n<p class=\"has-text-align-right\">Sophie Castelblanque para el Proyecto N\u00edger<\/p>\n","protected":false},"excerpt":{"rendered":"<p>\u00a1Hola a tod@s! La tradicional Jornada de la Solidaridad organizada por el Liceo Franc\u00e9s de Madrid tuvo lugar este a\u00f1o el jueves 18 de mayo. El Proyecto N\u00edger estuvo representado por Christian Moreau, el fundador y Sophie Castelblanque, una voluntaria de Madrid. Miguel, Raad y Juan, alumnos de 2nde3, fueron sus embajadores durante todo el [&hellip;]<\/p>\n","protected":false},"author":3,"featured_media":2849,"comment_status":"closed","ping_status":"open","sticky":false,"template":"","format":"standard","meta":{"_et_pb_use_builder":"off","_et_pb_old_content":"","_et_gb_content_width":"","footnotes":""},"categories":[25],"tags":[],"class_list":["post-2859","post","type-post","status-publish","format-standard","has-post-thumbnail","hentry","category-non-classifiee-es"],"_links":{"self":[{"href":"https:\/\/projeteducatifniger.org\/es\/wp-json\/wp\/v2\/posts\/2859","targetHints":{"allow":["GET"]}}],"collection":[{"href":"https:\/\/projeteducatifniger.org\/es\/wp-json\/wp\/v2\/posts"}],"about":[{"href":"https:\/\/projeteducatifniger.org\/es\/wp-json\/wp\/v2\/types\/post"}],"author":[{"embeddable":true,"href":"https:\/\/projeteducatifniger.org\/es\/wp-json\/wp\/v2\/users\/3"}],"replies":[{"embeddable":true,"href":"https:\/\/projeteducatifniger.org\/es\/wp-json\/wp\/v2\/comments?post=2859"}],"version-history":[{"count":5,"href":"https:\/\/projeteducatifniger.org\/es\/wp-json\/wp\/v2\/posts\/2859\/revisions"}],"predecessor-version":[{"id":2876,"href":"https:\/\/projeteducatifniger.org\/es\/wp-json\/wp\/v2\/posts\/2859\/revisions\/2876"}],"wp:featuredmedia":[{"embeddable":true,"href":"https:\/\/projeteducatifniger.org\/es\/wp-json\/wp\/v2\/media\/2849"}],"wp:attachment":[{"href":"https:\/\/projeteducatifniger.org\/es\/wp-json\/wp\/v2\/media?parent=2859"}],"wp:term":[{"taxonomy":"category","embeddable":true,"href":"https:\/\/projeteducatifniger.org\/es\/wp-json\/wp\/v2\/categories?post=2859"},{"taxonomy":"post_tag","embeddable":true,"href":"https:\/\/projeteducatifniger.org\/es\/wp-json\/wp\/v2\/tags?post=2859"}],"curies":[{"name":"wp","href":"https:\/\/api.w.org\/{rel}","templated":true}]}}