{"id":2838,"date":"2023-04-20T09:29:26","date_gmt":"2023-04-20T08:29:26","guid":{"rendered":"https:\/\/projeteducatifniger.org\/?p=2838"},"modified":"2023-04-20T10:33:26","modified_gmt":"2023-04-20T09:33:26","slug":"abril-2023","status":"publish","type":"post","link":"https:\/\/projeteducatifniger.org\/es\/abril-2023\/","title":{"rendered":"Abril 2023"},"content":{"rendered":"\n<p>\u00a1Hola a tod@s&nbsp;!<\/p>\n\n\n\n<p>Las correspondencias del segundo trimestre de los alumnos de Espa\u00f1a llegaron a N\u00edger como previsto. Las de los alumnos nigerianos, despu\u00e9s de quedarse atrapadas en Par\u00eds, mandadas a una direcci\u00f3n err\u00f3nea y enviadas de vuelta a Par\u00eds, \u00a1finalmente llegaron bien a Madrid!<\/p>\n\n\n\n<div class=\"wp-block-columns is-layout-flex wp-container-core-columns-is-layout-9d6595d7 wp-block-columns-is-layout-flex\">\n<div class=\"wp-block-column is-layout-flow wp-block-column-is-layout-flow\">\n<figure class=\"wp-block-image size-full\"><a href=\"https:\/\/projeteducatifniger.org\/wp-content\/uploads\/avril-2023_1.jpg\"><img loading=\"lazy\" decoding=\"async\" width=\"543\" height=\"722\" src=\"https:\/\/projeteducatifniger.org\/wp-content\/uploads\/avril-2023_1.jpg\" alt=\"\" class=\"wp-image-2812\" srcset=\"https:\/\/projeteducatifniger.org\/wp-content\/uploads\/avril-2023_1.jpg 543w, https:\/\/projeteducatifniger.org\/wp-content\/uploads\/avril-2023_1-480x638.jpg 480w\" sizes=\"(min-width: 0px) and (max-width: 480px) 480px, (min-width: 481px) 543px, 100vw\" \/><\/a><\/figure>\n<\/div>\n\n\n\n<div class=\"wp-block-column is-layout-flow wp-block-column-is-layout-flow\">\n<figure class=\"wp-block-image size-full\"><a href=\"https:\/\/projeteducatifniger.org\/wp-content\/uploads\/avril-2023_2.jpg\"><img loading=\"lazy\" decoding=\"async\" width=\"544\" height=\"726\" src=\"https:\/\/projeteducatifniger.org\/wp-content\/uploads\/avril-2023_2.jpg\" alt=\"\" class=\"wp-image-2814\" srcset=\"https:\/\/projeteducatifniger.org\/wp-content\/uploads\/avril-2023_2.jpg 544w, https:\/\/projeteducatifniger.org\/wp-content\/uploads\/avril-2023_2-480x641.jpg 480w\" sizes=\"(min-width: 0px) and (max-width: 480px) 480px, (min-width: 481px) 544px, 100vw\" \/><\/a><\/figure>\n<\/div>\n<\/div>\n\n\n\n<p>La entrega de las camisetas del Proyecto N\u00edger a los alumnos nigerianos ha empezado: los 30 alumnos de secundaria ya las recibieron y los 350 alumnos de primaria las recibir\u00e1n el fin de semana del 29 de abril.<\/p>\n\n\n\n<figure class=\"wp-block-image size-large\"><a href=\"https:\/\/projeteducatifniger.org\/wp-content\/uploads\/avril-2023_3.jpg\"><img loading=\"lazy\" decoding=\"async\" width=\"1024\" height=\"759\" src=\"https:\/\/projeteducatifniger.org\/wp-content\/uploads\/avril-2023_3-1024x759.jpg\" alt=\"\" class=\"wp-image-2816\" srcset=\"https:\/\/projeteducatifniger.org\/wp-content\/uploads\/avril-2023_3-1024x759.jpg 1024w, https:\/\/projeteducatifniger.org\/wp-content\/uploads\/avril-2023_3-980x727.jpg 980w, https:\/\/projeteducatifniger.org\/wp-content\/uploads\/avril-2023_3-480x356.jpg 480w\" sizes=\"(min-width: 0px) and (max-width: 480px) 480px, (min-width: 481px) and (max-width: 980px) 980px, (min-width: 981px) 1024px, 100vw\" \/><\/a><\/figure>\n\n\n\n<p>Desde el a\u00f1o pasado, el Proyecto N\u00edger se ha comprometido con los profesores nigerianos en organizar 4 talleres de formaci\u00f3n. El cuarto taller tuvo lugar el fin de semana del 15 de abril en Tessa.<\/p>\n\n\n\n<figure class=\"wp-block-image aligncenter size-large is-resized\"><a href=\"https:\/\/projeteducatifniger.org\/wp-content\/uploads\/avril-2023_4.jpg\"><img loading=\"lazy\" decoding=\"async\" src=\"https:\/\/projeteducatifniger.org\/wp-content\/uploads\/avril-2023_4-767x1024.jpg\" alt=\"\" class=\"wp-image-2823\" width=\"301\" height=\"402\"\/><\/a><\/figure>\n\n\n\n<p class=\"has-text-align-center\">El proyecto de construcci\u00f3n de una octava aula y letrinas en Tessa-Quartier ya ha empezado.<\/p>\n\n\n\n<div class=\"wp-block-columns is-layout-flex wp-container-core-columns-is-layout-9d6595d7 wp-block-columns-is-layout-flex\">\n<div class=\"wp-block-column is-layout-flow wp-block-column-is-layout-flow\">\n<figure class=\"wp-block-image size-full\"><a href=\"https:\/\/projeteducatifniger.org\/wp-content\/uploads\/avril-2023_5.jpg\"><img loading=\"lazy\" decoding=\"async\" width=\"504\" height=\"672\" src=\"https:\/\/projeteducatifniger.org\/wp-content\/uploads\/avril-2023_5.jpg\" alt=\"\" class=\"wp-image-2821\" srcset=\"https:\/\/projeteducatifniger.org\/wp-content\/uploads\/avril-2023_5.jpg 504w, https:\/\/projeteducatifniger.org\/wp-content\/uploads\/avril-2023_5-480x640.jpg 480w\" sizes=\"(min-width: 0px) and (max-width: 480px) 480px, (min-width: 481px) 504px, 100vw\" \/><\/a><\/figure>\n<\/div>\n\n\n\n<div class=\"wp-block-column is-layout-flow wp-block-column-is-layout-flow\">\n<figure class=\"wp-block-image size-large\"><a href=\"https:\/\/projeteducatifniger.org\/wp-content\/uploads\/avril-2023_6.jpg\"><img loading=\"lazy\" decoding=\"async\" width=\"810\" height=\"1080\" src=\"https:\/\/projeteducatifniger.org\/wp-content\/uploads\/avril-2023_6-edited.jpg\" alt=\"\" class=\"wp-image-2843\" srcset=\"https:\/\/projeteducatifniger.org\/wp-content\/uploads\/avril-2023_6-edited.jpg 810w, https:\/\/projeteducatifniger.org\/wp-content\/uploads\/avril-2023_6-edited-480x640.jpg 480w\" sizes=\"(min-width: 0px) and (max-width: 480px) 480px, (min-width: 481px) 810px, 100vw\" \/><\/a><\/figure>\n<\/div>\n<\/div>\n\n\n\n<p>\u00a1Hasta pronto!<\/p>\n\n\n\n<p>Sophie Castelblanque para el Proyecto N\u00edger<\/p>\n","protected":false},"excerpt":{"rendered":"<p>\u00a1Hola a tod@s&nbsp;! Las correspondencias del segundo trimestre de los alumnos de Espa\u00f1a llegaron a N\u00edger como previsto. Las de los alumnos nigerianos, despu\u00e9s de quedarse atrapadas en Par\u00eds, mandadas a una direcci\u00f3n err\u00f3nea y enviadas de vuelta a Par\u00eds, \u00a1finalmente llegaron bien a Madrid! La entrega de las camisetas del Proyecto N\u00edger a los [&hellip;]<\/p>\n","protected":false},"author":1,"featured_media":2816,"comment_status":"closed","ping_status":"open","sticky":false,"template":"","format":"standard","meta":{"_et_pb_use_builder":"off","_et_pb_old_content":"","_et_gb_content_width":"","footnotes":""},"categories":[25],"tags":[],"class_list":["post-2838","post","type-post","status-publish","format-standard","has-post-thumbnail","hentry","category-non-classifiee-es"],"_links":{"self":[{"href":"https:\/\/projeteducatifniger.org\/es\/wp-json\/wp\/v2\/posts\/2838","targetHints":{"allow":["GET"]}}],"collection":[{"href":"https:\/\/projeteducatifniger.org\/es\/wp-json\/wp\/v2\/posts"}],"about":[{"href":"https:\/\/projeteducatifniger.org\/es\/wp-json\/wp\/v2\/types\/post"}],"author":[{"embeddable":true,"href":"https:\/\/projeteducatifniger.org\/es\/wp-json\/wp\/v2\/users\/1"}],"replies":[{"embeddable":true,"href":"https:\/\/projeteducatifniger.org\/es\/wp-json\/wp\/v2\/comments?post=2838"}],"version-history":[{"count":4,"href":"https:\/\/projeteducatifniger.org\/es\/wp-json\/wp\/v2\/posts\/2838\/revisions"}],"predecessor-version":[{"id":2845,"href":"https:\/\/projeteducatifniger.org\/es\/wp-json\/wp\/v2\/posts\/2838\/revisions\/2845"}],"wp:featuredmedia":[{"embeddable":true,"href":"https:\/\/projeteducatifniger.org\/es\/wp-json\/wp\/v2\/media\/2816"}],"wp:attachment":[{"href":"https:\/\/projeteducatifniger.org\/es\/wp-json\/wp\/v2\/media?parent=2838"}],"wp:term":[{"taxonomy":"category","embeddable":true,"href":"https:\/\/projeteducatifniger.org\/es\/wp-json\/wp\/v2\/categories?post=2838"},{"taxonomy":"post_tag","embeddable":true,"href":"https:\/\/projeteducatifniger.org\/es\/wp-json\/wp\/v2\/tags?post=2838"}],"curies":[{"name":"wp","href":"https:\/\/api.w.org\/{rel}","templated":true}]}}