{"id":2801,"date":"2023-03-03T13:15:59","date_gmt":"2023-03-03T12:15:59","guid":{"rendered":"https:\/\/projeteducatifniger.org\/fevrier-2023\/"},"modified":"2023-03-03T18:00:21","modified_gmt":"2023-03-03T17:00:21","slug":"fevrier-2023","status":"publish","type":"post","link":"https:\/\/projeteducatifniger.org\/es\/fevrier-2023\/","title":{"rendered":"Febrero 2023"},"content":{"rendered":"<p>\u00a1Hola a tod@s\u00a0!<\/p>\n<p>Durante los meses de enero y febrero se han organizado 2 talleres para los profesores nigerianos que participan al Proyecto N\u00edger. Estos talleres son parte del programa de formaci\u00f3n continua que el Proyecto pone en marcha cada a\u00f1o.<\/p>\n<p>El primero tuvo lugar el fin de semana del 21 de enero y trataba de la pedagog\u00eda sobre la correspondencia escolar. Lo impartieron Amadou Modi, nuestro consejero pedag\u00f3gico y la inspecci\u00f3n pedag\u00f3gica de Tessa.<\/p>\n<p>El segundo tuvo lugar el fin de semana del 18 de febrero y se centr\u00f3 en el uso del dibujo como herramienta did\u00e1ctica. Lo imparti\u00f3 Hanouna Dabougui, profesor de arte.<\/p>\n\n\t\t<style type=\"text\/css\">\n\t\t\t#gallery-1 {\n\t\t\t\tmargin: auto;\n\t\t\t}\n\t\t\t#gallery-1 .gallery-item {\n\t\t\t\tfloat: left;\n\t\t\t\tmargin-top: 10px;\n\t\t\t\ttext-align: center;\n\t\t\t\twidth: 33%;\n\t\t\t}\n\t\t\t#gallery-1 img {\n\t\t\t\tborder: 2px solid #cfcfcf;\n\t\t\t}\n\t\t\t#gallery-1 .gallery-caption {\n\t\t\t\tmargin-left: 0;\n\t\t\t}\n\t\t\t\/* see gallery_shortcode() in wp-includes\/media.php *\/\n\t\t<\/style>\n\t\t<div id='gallery-1' class='gallery galleryid-2801 gallery-columns-3 gallery-size-full'><dl class='gallery-item'>\n\t\t\t<dt class='gallery-icon portrait'>\n\t\t\t\t<a href='https:\/\/projeteducatifniger.org\/wp-content\/uploads\/Fevrier_2023-3.jpg'><img loading=\"lazy\" decoding=\"async\" width=\"576\" height=\"1024\" src=\"https:\/\/projeteducatifniger.org\/wp-content\/uploads\/Fevrier_2023-3.jpg\" class=\"attachment-full size-full\" alt=\"\" srcset=\"https:\/\/projeteducatifniger.org\/wp-content\/uploads\/Fevrier_2023-3.jpg 576w, https:\/\/projeteducatifniger.org\/wp-content\/uploads\/Fevrier_2023-3-480x853.jpg 480w\" sizes=\"(min-width: 0px) and (max-width: 480px) 480px, (min-width: 481px) 576px, 100vw\" \/><\/a>\n\t\t\t<\/dt><\/dl><dl class='gallery-item'>\n\t\t\t<dt class='gallery-icon portrait'>\n\t\t\t\t<a href='https:\/\/projeteducatifniger.org\/wp-content\/uploads\/Fevrier_2023-2.jpg'><img loading=\"lazy\" decoding=\"async\" width=\"576\" height=\"1024\" src=\"https:\/\/projeteducatifniger.org\/wp-content\/uploads\/Fevrier_2023-2.jpg\" class=\"attachment-full size-full\" alt=\"\" srcset=\"https:\/\/projeteducatifniger.org\/wp-content\/uploads\/Fevrier_2023-2.jpg 576w, https:\/\/projeteducatifniger.org\/wp-content\/uploads\/Fevrier_2023-2-480x853.jpg 480w\" sizes=\"(min-width: 0px) and (max-width: 480px) 480px, (min-width: 481px) 576px, 100vw\" \/><\/a>\n\t\t\t<\/dt><\/dl><dl class='gallery-item'>\n\t\t\t<dt class='gallery-icon portrait'>\n\t\t\t\t<a href='https:\/\/projeteducatifniger.org\/wp-content\/uploads\/Fevrier_2023-1.jpg'><img loading=\"lazy\" decoding=\"async\" width=\"576\" height=\"1024\" src=\"https:\/\/projeteducatifniger.org\/wp-content\/uploads\/Fevrier_2023-1.jpg\" class=\"attachment-full size-full\" alt=\"\" srcset=\"https:\/\/projeteducatifniger.org\/wp-content\/uploads\/Fevrier_2023-1.jpg 576w, https:\/\/projeteducatifniger.org\/wp-content\/uploads\/Fevrier_2023-1-480x853.jpg 480w\" sizes=\"(min-width: 0px) and (max-width: 480px) 480px, (min-width: 481px) 576px, 100vw\" \/><\/a>\n\t\t\t<\/dt><\/dl><br style=\"clear: both\" \/>\n\t\t<\/div>\n\n<p>Por otro lado, el proyecto de construcci\u00f3n de una octava aula en Tessa-Quartier sigue su curso. Las pujas empezaran muy pronto.<\/p>\n<p>En Madrid, Carlota et Olivia, nuestras dos j\u00f3venes colaboradoras del Liceo Franc\u00e9s, est\u00e1n preparando nuevas acciones de las cuales os hablaremos m\u00e1s adelante.<\/p>\n<p>Deseamos presentaros nuestro equipo de voluntarios nigerianos que hacen un trabajo ejemplar en N\u00edger. Sin ellos, el Proyecto N\u00edger no podr\u00eda existir.<\/p>\n<p>Hace unos meses, pudisteis descubrir a Ramatou gracias a un video. Hoy, os proponemos conocer a Rigo Sani clicando en el link abajo.<\/p>\n<p><a href=\"https:\/\/www.dropbox.com\/s\/z3415fsv609asa7\/entrevue%20rigo.mov?dl=0\">https:\/\/www.dropbox.com\/s\/z3415fsv609asa7\/entrevue%20rigo.mov?dl=0<\/a><\/p>\n<p>Finalmente, el Proyecto N\u00edger ha empezado un trabajo de recopilaci\u00f3n de informaci\u00f3n sobre la vida tradicional en los pueblos nigerianos. Os daremos m\u00e1s detalles muy pronto.<\/p>\n<p>Sophie Castelblanque para el Proyecto Niger<\/p>\n","protected":false},"excerpt":{"rendered":"<p>\u00a1Hola a tod@s\u00a0! Durante los meses de enero y febrero se han organizado 2 talleres para los profesores nigerianos que participan al Proyecto N\u00edger. Estos talleres son parte del programa de formaci\u00f3n continua que el Proyecto pone en marcha cada a\u00f1o. El primero tuvo lugar el fin de semana del 21 de enero y trataba [&hellip;]<\/p>\n","protected":false},"author":3,"featured_media":2800,"comment_status":"closed","ping_status":"open","sticky":false,"template":"","format":"standard","meta":{"_et_pb_use_builder":"on","_et_pb_old_content":"","_et_gb_content_width":"","footnotes":""},"categories":[25],"tags":[],"class_list":["post-2801","post","type-post","status-publish","format-standard","has-post-thumbnail","hentry","category-non-classifiee-es"],"_links":{"self":[{"href":"https:\/\/projeteducatifniger.org\/es\/wp-json\/wp\/v2\/posts\/2801","targetHints":{"allow":["GET"]}}],"collection":[{"href":"https:\/\/projeteducatifniger.org\/es\/wp-json\/wp\/v2\/posts"}],"about":[{"href":"https:\/\/projeteducatifniger.org\/es\/wp-json\/wp\/v2\/types\/post"}],"author":[{"embeddable":true,"href":"https:\/\/projeteducatifniger.org\/es\/wp-json\/wp\/v2\/users\/3"}],"replies":[{"embeddable":true,"href":"https:\/\/projeteducatifniger.org\/es\/wp-json\/wp\/v2\/comments?post=2801"}],"version-history":[{"count":3,"href":"https:\/\/projeteducatifniger.org\/es\/wp-json\/wp\/v2\/posts\/2801\/revisions"}],"predecessor-version":[{"id":2805,"href":"https:\/\/projeteducatifniger.org\/es\/wp-json\/wp\/v2\/posts\/2801\/revisions\/2805"}],"wp:featuredmedia":[{"embeddable":true,"href":"https:\/\/projeteducatifniger.org\/es\/wp-json\/wp\/v2\/media\/2800"}],"wp:attachment":[{"href":"https:\/\/projeteducatifniger.org\/es\/wp-json\/wp\/v2\/media?parent=2801"}],"wp:term":[{"taxonomy":"category","embeddable":true,"href":"https:\/\/projeteducatifniger.org\/es\/wp-json\/wp\/v2\/categories?post=2801"},{"taxonomy":"post_tag","embeddable":true,"href":"https:\/\/projeteducatifniger.org\/es\/wp-json\/wp\/v2\/tags?post=2801"}],"curies":[{"name":"wp","href":"https:\/\/api.w.org\/{rel}","templated":true}]}}