{"id":2688,"date":"2023-01-25T12:00:16","date_gmt":"2023-01-25T11:00:16","guid":{"rendered":"https:\/\/projeteducatifniger.org\/bonne-et-heureuse-annee-de-la-part-de-tous-les-benevoles-du-projet-niger-2\/"},"modified":"2023-01-25T12:22:48","modified_gmt":"2023-01-25T11:22:48","slug":"bonne-et-heureuse-annee-de-la-part-de-tous-les-benevoles-du-projet-niger-2","status":"publish","type":"post","link":"https:\/\/projeteducatifniger.org\/es\/bonne-et-heureuse-annee-de-la-part-de-tous-les-benevoles-du-projet-niger-2\/","title":{"rendered":"\u00a1Feliz a\u00f1o nuevo de parte de todos los voluntarios del Proyecto N\u00edger!"},"content":{"rendered":"<p><a href=\"https:\/\/projeteducatifniger.org\/wp-content\/uploads\/entrada-240123-1.png\"><img loading=\"lazy\" decoding=\"async\" class=\"alignleft wp-image-2680 size-medium\" src=\"https:\/\/projeteducatifniger.org\/wp-content\/uploads\/entrada-240123-1-212x300.png\" alt=\"\" width=\"212\" height=\"300\" \/><\/a>Os agradecemos mucho vuestra participaci\u00f3n en la difusi\u00f3n del calendario. No est\u00e1 terminada todav\u00eda\u2026pero no es tarde para pedir el vuestro. Hasta ahora hemos recaudado 13.197\u20ac. Este dinero servir\u00e1 para:<\/p>\n<ul>\n<li>El apoyo a los alumnos y profesores<\/li>\n<li>La compra del material escolar<\/li>\n<li>Las acciones pedag\u00f3gicas que estamos acompa\u00f1ando de talleres para los profesores de manera regular<\/li>\n<li>Los microcr\u00e9ditos destinados a las madres de los alumnos participando al Proyecto<\/li>\n<\/ul>\n<p>Por otra parte, estamos desarrollando una colaboraci\u00f3n estrecha con la inspecci\u00f3n de primaria d\u00e1ndole unos medios para permitirle supervisar mejor a los equipos de profesores.<br \/>\nCerca de 800 cartas han sido intercambiadas durante el primer trimestre entre los ni\u00f1os participando al Proyecto N\u00edger. Son 100 m\u00e1s que el a\u00f1o pasado.<br \/>\nLos alumnos est\u00e1n preparando las cartas del segundo trimestre.<\/p>\n<p>El 2 de diciembre, en el Colegio Saint Exup\u00e9ry de Alcobendas, tuvo lugar el tradicional Cross de fin de a\u00f1o organizado por los profesores de primaria. Nos permiti\u00f3 recaudar 528\u20ac.<\/p>\n<p>El 20 de diciembre, el evento \u201cChocolate solidario\u201d al que participaron Carlota y Olivia, nuestras 2 j\u00f3venes colaboradoras del Liceo Franc\u00e9s de Madrid, as\u00ed como la clase de CM2E, ha sido un verdadero \u00e9xito. Los 127\u20ac recaudados contribuir\u00e1n a la compra de las mosquiteras que regalaremos a los 400 alumnos nigerinos que participan a la correspondencia.<br \/>\nQueremos dar las gracias \u00e0 Marie-Line Benourdja as\u00ed como a la administraci\u00f3n del LFM que hizo posible la organizaci\u00f3n de este evento.<\/p>\n\n\t\t<style type=\"text\/css\">\n\t\t\t#gallery-1 {\n\t\t\t\tmargin: auto;\n\t\t\t}\n\t\t\t#gallery-1 .gallery-item {\n\t\t\t\tfloat: left;\n\t\t\t\tmargin-top: 10px;\n\t\t\t\ttext-align: center;\n\t\t\t\twidth: 50%;\n\t\t\t}\n\t\t\t#gallery-1 img {\n\t\t\t\tborder: 2px solid #cfcfcf;\n\t\t\t}\n\t\t\t#gallery-1 .gallery-caption {\n\t\t\t\tmargin-left: 0;\n\t\t\t}\n\t\t\t\/* see gallery_shortcode() in wp-includes\/media.php *\/\n\t\t<\/style>\n\t\t<div id='gallery-1' class='gallery galleryid-2688 gallery-columns-2 gallery-size-large'><dl class='gallery-item'>\n\t\t\t<dt class='gallery-icon landscape'>\n\t\t\t\t<img loading=\"lazy\" decoding=\"async\" width=\"510\" height=\"382\" src=\"https:\/\/projeteducatifniger.org\/wp-content\/uploads\/entrada-240123-2.jpg\" class=\"attachment-large size-large\" alt=\"\" srcset=\"https:\/\/projeteducatifniger.org\/wp-content\/uploads\/entrada-240123-2.jpg 510w, https:\/\/projeteducatifniger.org\/wp-content\/uploads\/entrada-240123-2-480x360.jpg 480w\" sizes=\"(min-width: 0px) and (max-width: 480px) 480px, (min-width: 481px) 510px, 100vw\" \/>\n\t\t\t<\/dt><\/dl><dl class='gallery-item'>\n\t\t\t<dt class='gallery-icon landscape'>\n\t\t\t\t<img loading=\"lazy\" decoding=\"async\" width=\"499\" height=\"377\" src=\"https:\/\/projeteducatifniger.org\/wp-content\/uploads\/entrada-240123-3.jpg\" class=\"attachment-large size-large\" alt=\"\" srcset=\"https:\/\/projeteducatifniger.org\/wp-content\/uploads\/entrada-240123-3.jpg 499w, https:\/\/projeteducatifniger.org\/wp-content\/uploads\/entrada-240123-3-480x363.jpg 480w\" sizes=\"(min-width: 0px) and (max-width: 480px) 480px, (min-width: 481px) 499px, 100vw\" \/>\n\t\t\t<\/dt><\/dl><br style=\"clear: both\" \/>\n\t\t<\/div>\n\n","protected":false},"excerpt":{"rendered":"<p>Os agradecemos mucho vuestra participaci\u00f3n en la difusi\u00f3n del calendario. No est\u00e1 terminada todav\u00eda\u2026pero no es tarde para pedir el vuestro. Hasta ahora hemos recaudado 13.197\u20ac. Este dinero servir\u00e1 para: El apoyo a los alumnos y profesores La compra del material escolar Las acciones pedag\u00f3gicas que estamos acompa\u00f1ando de talleres para los profesores de manera [&hellip;]<\/p>\n","protected":false},"author":3,"featured_media":2674,"comment_status":"closed","ping_status":"open","sticky":false,"template":"","format":"standard","meta":{"_et_pb_use_builder":"","_et_pb_old_content":"","_et_gb_content_width":"","footnotes":""},"categories":[25],"tags":[],"class_list":["post-2688","post","type-post","status-publish","format-standard","has-post-thumbnail","hentry","category-non-classifiee-es"],"_links":{"self":[{"href":"https:\/\/projeteducatifniger.org\/es\/wp-json\/wp\/v2\/posts\/2688","targetHints":{"allow":["GET"]}}],"collection":[{"href":"https:\/\/projeteducatifniger.org\/es\/wp-json\/wp\/v2\/posts"}],"about":[{"href":"https:\/\/projeteducatifniger.org\/es\/wp-json\/wp\/v2\/types\/post"}],"author":[{"embeddable":true,"href":"https:\/\/projeteducatifniger.org\/es\/wp-json\/wp\/v2\/users\/3"}],"replies":[{"embeddable":true,"href":"https:\/\/projeteducatifniger.org\/es\/wp-json\/wp\/v2\/comments?post=2688"}],"version-history":[{"count":1,"href":"https:\/\/projeteducatifniger.org\/es\/wp-json\/wp\/v2\/posts\/2688\/revisions"}],"predecessor-version":[{"id":2689,"href":"https:\/\/projeteducatifniger.org\/es\/wp-json\/wp\/v2\/posts\/2688\/revisions\/2689"}],"wp:featuredmedia":[{"embeddable":true,"href":"https:\/\/projeteducatifniger.org\/es\/wp-json\/wp\/v2\/media\/2674"}],"wp:attachment":[{"href":"https:\/\/projeteducatifniger.org\/es\/wp-json\/wp\/v2\/media?parent=2688"}],"wp:term":[{"taxonomy":"category","embeddable":true,"href":"https:\/\/projeteducatifniger.org\/es\/wp-json\/wp\/v2\/categories?post=2688"},{"taxonomy":"post_tag","embeddable":true,"href":"https:\/\/projeteducatifniger.org\/es\/wp-json\/wp\/v2\/tags?post=2688"}],"curies":[{"name":"wp","href":"https:\/\/api.w.org\/{rel}","templated":true}]}}