{"id":2650,"date":"2022-11-28T13:52:09","date_gmt":"2022-11-28T12:52:09","guid":{"rendered":"https:\/\/projeteducatifniger.org\/diffusion-du-calendrier-2023\/"},"modified":"2022-12-04T17:49:16","modified_gmt":"2022-12-04T16:49:16","slug":"difusion-del-calendario-2023","status":"publish","type":"post","link":"https:\/\/projeteducatifniger.org\/es\/difusion-del-calendario-2023\/","title":{"rendered":"Difusi\u00f3n del calendario 2023"},"content":{"rendered":"<p><img loading=\"lazy\" decoding=\"async\" class=\"size-medium wp-image-2638 alignright\" src=\"https:\/\/projeteducatifniger.org\/wp-content\/uploads\/calendario2023-Niger-220x300.png\" alt=\"\" width=\"220\" height=\"300\" \/>Hola a tod@s!<\/p>\n<p> \u00a1Ya est\u00e1! La difusi\u00f3n del calendario 2023 empez\u00f3 el 14 de noviembre en Valencia, Madrid y Alcobendas (ya que el Lyc\u00e9e Saint-Exupery se ha unido a nuestro proyecto).<\/p>\n<p> El dibujo elegido es el realizado por L\u00e9a Solana de CM2 B. \u00a1Enhorabuena a ella! <\/p>\n<p>Las personas que quieran participar en nuestro Proyecto pueden mandar sus donaciones a la cuenta bancaria de la asociaci\u00f3n Proyecto N\u00edger: Banco Santander: ES79 0049 3140 92 2014152155 \u2013 \u201cconcepto\u201d: calendario 2023<\/p>\n<hr \/>\n<blockquote><p><strong>Al prohibir la ley que los ni\u00f1os manipulen dinero en los establecimientos escolares, les rogamos tengan la amabilidad, si desean colaborar con los calendarios, de rellenar y devolvernos <a href='https:\/\/projeteducatifniger.org\/wp-content\/uploads\/formulaire-don.pdf' class='big-button bigorange' target=\"_blank\">este formulario<\/a> por intermediaci\u00f3n de su hijo.<\/strong><\/p><\/blockquote>\n<hr \/>\n<p>El Proyecto N\u00edger, compuesto \u00fanicamente de voluntarios, necesita su ayuda para seguir desarrollando sus acciones en N\u00edger. Como todos los a\u00f1os, el material escolar ha sido entregado primero a los alumnos de las clases de primaria del pueblo de Gala a principios de Noviembre. Los alumnos de las clases de primaria de los otros pueblos lo recibieron de la mano de nuestros voluntarios en N\u00edger, Isabelle, Ramatou, Amadou y Rigo que se desplazaron hasta ellos el 12 de Noviembre. <img loading=\"lazy\" decoding=\"async\" class=\"aligncenter wp-image-2627 size-full\" src=\"https:\/\/projeteducatifniger.org\/wp-content\/uploads\/news-28112022.jpg\" alt=\"\" width=\"1299\" height=\"738\" srcset=\"https:\/\/projeteducatifniger.org\/wp-content\/uploads\/news-28112022.jpg 1299w, https:\/\/projeteducatifniger.org\/wp-content\/uploads\/news-28112022-1280x727.jpg 1280w, https:\/\/projeteducatifniger.org\/wp-content\/uploads\/news-28112022-980x557.jpg 980w, https:\/\/projeteducatifniger.org\/wp-content\/uploads\/news-28112022-480x273.jpg 480w\" sizes=\"(min-width: 0px) and (max-width: 480px) 480px, (min-width: 481px) and (max-width: 980px) 980px, (min-width: 981px) and (max-width: 1280px) 1280px, (min-width: 1281px) 1299px, 100vw\" \/> El 12 Noviembre empezaron en Gala los trabajos de correspondencia. <img loading=\"lazy\" decoding=\"async\" class=\"aligncenter wp-image-2629 size-full\" src=\"https:\/\/projeteducatifniger.org\/wp-content\/uploads\/news-28112022-b.jpg\" alt=\"\" width=\"1299\" height=\"471\" srcset=\"https:\/\/projeteducatifniger.org\/wp-content\/uploads\/news-28112022-b.jpg 1299w, https:\/\/projeteducatifniger.org\/wp-content\/uploads\/news-28112022-b-1280x464.jpg 1280w, https:\/\/projeteducatifniger.org\/wp-content\/uploads\/news-28112022-b-980x355.jpg 980w, https:\/\/projeteducatifniger.org\/wp-content\/uploads\/news-28112022-b-480x174.jpg 480w\" sizes=\"(min-width: 0px) and (max-width: 480px) 480px, (min-width: 481px) and (max-width: 980px) 980px, (min-width: 981px) and (max-width: 1280px) 1280px, (min-width: 1281px) 1299px, 100vw\" \/> Dado el entusiasmo de los profesores tras la formaci\u00f3n proporcionada por Harouna en octubre 2021, la experiencia se renov\u00f3. El 19 y 21 de noviembre tuvo lugar una formaci\u00f3n en Tessa para la correspondencia escolar. De hecho, es importante subrayar que los ni\u00f1os s\u00f3lo hablan franc\u00e9s en el colegio y por ello el nivel de vocabulario es muy bajo. Entonces hay que adaptar los m\u00e9todos a las especifidades locales. <\/p>\n<p>Tambi\u00e9n, estamos empezando de nuevo talleres de lectura y dibujos en Gala. En nuestro pr\u00f3ximo art\u00edculo, os hablaremos del tema con m\u00e1s detalles. En Espa\u00f1a, hemos dado la bienvenida a Olivia, alumna del LFM, que se une a nuestro equipo de voluntarios. \u00a1Bienvenida! <\/p>\n<p>Carlota y Olivia est\u00e1n organizando, en el LFM, una t\u00f3mbola para la \u00faltima semana de clases antes de las vacaciones de Navidad. Los fondos recaudados permitir\u00e1n la financiaci\u00f3n de mosquiteras y camisetas para los ni\u00f1os de los pueblos participando al proyecto. <\/p>\n<p>Del 21 al 23 de noviembre, Christian Moreau estuvo en Valencia para conocer a los profesores y alumnos participando al Proyecto N\u00edger. <\/p>\n<p>Las discusiones fueron muy enriquecedoras y se habl\u00f3 de nuevas colaboraciones. <\/p>\n<p>El 2 de diciembre, Christian Moreau asistir\u00e1 a la Carrera de Solidaridad organizada por el Lyc\u00e9e Saint-Exup\u00e9ry de Alcobendas, nuestro nuevo socio. <\/p>\n<p>El Proyecto N\u00edger ser\u00e1 el destinario de los fondos recaudados. <\/p>\n<p>Sophie Castelblanque para el Proyecto N\u00edger.<\/p>\n","protected":false},"excerpt":{"rendered":"<p>Hola a tod@s! \u00a1Ya est\u00e1! La difusi\u00f3n del calendario 2023 empez\u00f3 el 14 de noviembre en Valencia, Madrid y Alcobendas (ya que el Lyc\u00e9e Saint-Exupery se ha unido a nuestro proyecto). El dibujo elegido es el realizado por L\u00e9a Solana de CM2 B. \u00a1Enhorabuena a ella! Las personas que quieran participar en nuestro Proyecto pueden [&hellip;]<\/p>\n","protected":false},"author":1,"featured_media":2622,"comment_status":"closed","ping_status":"open","sticky":false,"template":"","format":"standard","meta":{"_et_pb_use_builder":"","_et_pb_old_content":"","_et_gb_content_width":"","footnotes":""},"categories":[25],"tags":[],"class_list":["post-2650","post","type-post","status-publish","format-standard","has-post-thumbnail","hentry","category-non-classifiee-es"],"_links":{"self":[{"href":"https:\/\/projeteducatifniger.org\/es\/wp-json\/wp\/v2\/posts\/2650","targetHints":{"allow":["GET"]}}],"collection":[{"href":"https:\/\/projeteducatifniger.org\/es\/wp-json\/wp\/v2\/posts"}],"about":[{"href":"https:\/\/projeteducatifniger.org\/es\/wp-json\/wp\/v2\/types\/post"}],"author":[{"embeddable":true,"href":"https:\/\/projeteducatifniger.org\/es\/wp-json\/wp\/v2\/users\/1"}],"replies":[{"embeddable":true,"href":"https:\/\/projeteducatifniger.org\/es\/wp-json\/wp\/v2\/comments?post=2650"}],"version-history":[{"count":4,"href":"https:\/\/projeteducatifniger.org\/es\/wp-json\/wp\/v2\/posts\/2650\/revisions"}],"predecessor-version":[{"id":2670,"href":"https:\/\/projeteducatifniger.org\/es\/wp-json\/wp\/v2\/posts\/2650\/revisions\/2670"}],"wp:featuredmedia":[{"embeddable":true,"href":"https:\/\/projeteducatifniger.org\/es\/wp-json\/wp\/v2\/media\/2622"}],"wp:attachment":[{"href":"https:\/\/projeteducatifniger.org\/es\/wp-json\/wp\/v2\/media?parent=2650"}],"wp:term":[{"taxonomy":"category","embeddable":true,"href":"https:\/\/projeteducatifniger.org\/es\/wp-json\/wp\/v2\/categories?post=2650"},{"taxonomy":"post_tag","embeddable":true,"href":"https:\/\/projeteducatifniger.org\/es\/wp-json\/wp\/v2\/tags?post=2650"}],"curies":[{"name":"wp","href":"https:\/\/api.w.org\/{rel}","templated":true}]}}