{"id":2560,"date":"2022-10-13T15:25:55","date_gmt":"2022-10-13T14:25:55","guid":{"rendered":"https:\/\/projeteducatifniger.org\/proyecto-niger-hemos-vuelto-2\/"},"modified":"2022-10-13T15:25:55","modified_gmt":"2022-10-13T14:25:55","slug":"proyecto-niger-hemos-vuelto-2","status":"publish","type":"post","link":"https:\/\/projeteducatifniger.org\/es\/proyecto-niger-hemos-vuelto-2\/","title":{"rendered":"\u00a1Proyecto N\u00edger&#8230; Hemos vuelto!"},"content":{"rendered":"<h2>Hola a tod@s!<\/h2>\n<h3><\/h3>\n<h3>\u00a1El Proyecto N\u00edger acaba de soplar sus 20 velas!<\/h3>\n<p><strong>Es en 2002 que Christian Moreau, entonces profesor de primaria en el Liceo Franc\u00e9s de Madrid, imagina un proyecto pedag\u00f3gico y solidario integrado en el programa escolar que desarrolla un intercambio de cartas entre los alumnos de su clase y los de una clase de un pueblo de N\u00edger. Desde hace 20 a\u00f1os, el n\u00famero de clases involucradas en ese proyecto no ha parado de crecer.<\/strong><br \/>\n<strong>En septiembre 2022, empezamos una nueva colaboraci\u00f3n con el colegio Saint-Exup\u00e9ry de Madrid y, en el Liceo Franc\u00e9s de Valencia, va a participar una nueva clase de primaria. Son entonces 10 clases del Liceo Franc\u00e9s de Madrid (1 CP, 1 CE1, 6 CM1 ET 2 CM2) as\u00ed como dos clases de primaria del Liceo Franc\u00e9s de Valencia y una clase del Instituto l\u2019Eliana ubicado tambi\u00e9n en Valencia que participan al proyecto este a\u00f1o.<\/strong><\/p>\n<p>&nbsp;<\/p>\n<p><a href=\"https:\/\/projeteducatifniger.org\/wp-content\/uploads\/carlota-projet-niger.jpg\"><img loading=\"lazy\" decoding=\"async\" class=\"alignleft wp-image-2520\" src=\"https:\/\/projeteducatifniger.org\/wp-content\/uploads\/carlota-projet-niger.jpg\" alt=\"\" width=\"420\" height=\"315\"><\/a><\/p>\n<p>El 17 de septiembre, Madrid Accueil organiz\u00f3 en el LFM la primera edici\u00f3n de \u00abLa France \u00e0 Madrid\u00bb. Fue nuestra primera participaci\u00f3n a un evento despu\u00e9s de la vuelta al cole. Fue, para nosotros, una muy buena oportunidad para hacer conocer nuestra asociaci\u00f3n de manera m\u00e1s amplia.<br \/>\nFue tambi\u00e9n la primera participaci\u00f3n a un evento de Carlota. Esta alumna del LFM, antigua alumna de Christian Moreau, se uni\u00f3 a nuestro equipo de voluntarios en mayo. \u00a1Bienvenida!<\/p>\n<hr>\n<p>La semana pasada, Christian Moreau empez\u00f3 una gira de conferencias en las clases del LFM que participan en el Proyecto.<\/p>\n<p><a href=\"https:\/\/projeteducatifniger.org\/wp-content\/uploads\/christian-moreau.jpg\"><img loading=\"lazy\" decoding=\"async\" class=\"wp-image-2522 alignright\" src=\"https:\/\/projeteducatifniger.org\/wp-content\/uploads\/christian-moreau.jpg\" alt=\"\" width=\"362\" height=\"309\"><\/a><\/p>\n<p>En paralelo, el concurso de dibujos sobre el tema de la solidaridad organizado cada a\u00f1o ya ha empezado.<\/p>\n<p>Los dibujos ser\u00e1n recuperados y expuestos en el patio de los CM este jueves 13 de octubre. Las clases deber\u00e1n posteriormente votar por sus dibujos preferidos. Dentro de los dibujos seleccionados, los profesores elegir\u00e1n \u00e9l que ilustrar\u00e1 el calendario 2023. La difusi\u00f3n de este calendario empezar\u00e1 a mediados de noviembre.<\/p>\n<p>El Proyecto N\u00edger organiza tambi\u00e9n acciones de solidaridad financiadas por la difusi\u00f3n del calendario, por acuerdos con empresas y fundaciones y a veces por donaciones de particulares:<\/p>\n<ol>\n<li>Estamos preparando el env\u00edo del material escolar.<\/li>\n<li>El microcr\u00e9dito para permitir a las madres de alumnos financiar acciones generadoras de ingresos se ha renovado. Son 120 madres que beneficiar\u00e1n un a\u00f1o m\u00e1s de este microcr\u00e9dito.<\/li>\n<li>La organizaci\u00f3n de talleres de formaci\u00f3n para los profesores nigerinos sigue tambi\u00e9n en 2022\/2023.<\/li>\n<li>El microcr\u00e9dito destinado a los profesores nigerinos empieza de nuevo este a\u00f1o.<\/li>\n<li>La colaboraci\u00f3n con el Liceo Franc\u00e9s de Madrid continua y se ampliar\u00e1 a lo largo del curso escolar. En un pr\u00f3ximo art\u00edculo, os hablaremos m\u00e1s en detalle de este tema.<\/li>\n<\/ol>\n<p>&nbsp;<\/p>\n<p>Nos gustar\u00eda recordar que el Proyecto N\u00edger no podr\u00eda funcionar sin un equipo din\u00e1mico y entregado, 11 personas en total.<\/p>\n<p>Es importante subrayar que todas las decisiones est\u00e1n tomadas con la poblaci\u00f3n nigerina, lo que en gran parte asegura el \u00e9xito del proyecto.<\/p>\n<p>Sophie Castelblanque para el Proyecto N\u00edger.<\/p>\n","protected":false},"excerpt":{"rendered":"<p>Hola a tod@s! \u00a1El Proyecto N\u00edger acaba de soplar sus 20 velas! Es en 2002 que Christian Moreau, entonces profesor de primaria en el Liceo Franc\u00e9s de Madrid, imagina un proyecto pedag\u00f3gico y solidario integrado en el programa escolar que desarrolla un intercambio de cartas entre los alumnos de su clase y los de una [&hellip;]<\/p>\n","protected":false},"author":3,"featured_media":2528,"comment_status":"closed","ping_status":"open","sticky":false,"template":"","format":"standard","meta":{"_et_pb_use_builder":"","_et_pb_old_content":"","_et_gb_content_width":"","footnotes":""},"categories":[25],"tags":[],"class_list":["post-2560","post","type-post","status-publish","format-standard","has-post-thumbnail","hentry","category-non-classifiee-es"],"_links":{"self":[{"href":"https:\/\/projeteducatifniger.org\/es\/wp-json\/wp\/v2\/posts\/2560","targetHints":{"allow":["GET"]}}],"collection":[{"href":"https:\/\/projeteducatifniger.org\/es\/wp-json\/wp\/v2\/posts"}],"about":[{"href":"https:\/\/projeteducatifniger.org\/es\/wp-json\/wp\/v2\/types\/post"}],"author":[{"embeddable":true,"href":"https:\/\/projeteducatifniger.org\/es\/wp-json\/wp\/v2\/users\/3"}],"replies":[{"embeddable":true,"href":"https:\/\/projeteducatifniger.org\/es\/wp-json\/wp\/v2\/comments?post=2560"}],"version-history":[{"count":0,"href":"https:\/\/projeteducatifniger.org\/es\/wp-json\/wp\/v2\/posts\/2560\/revisions"}],"wp:featuredmedia":[{"embeddable":true,"href":"https:\/\/projeteducatifniger.org\/es\/wp-json\/wp\/v2\/media\/2528"}],"wp:attachment":[{"href":"https:\/\/projeteducatifniger.org\/es\/wp-json\/wp\/v2\/media?parent=2560"}],"wp:term":[{"taxonomy":"category","embeddable":true,"href":"https:\/\/projeteducatifniger.org\/es\/wp-json\/wp\/v2\/categories?post=2560"},{"taxonomy":"post_tag","embeddable":true,"href":"https:\/\/projeteducatifniger.org\/es\/wp-json\/wp\/v2\/tags?post=2560"}],"curies":[{"name":"wp","href":"https:\/\/api.w.org\/{rel}","templated":true}]}}