{"id":1470,"date":"2022-06-19T09:45:55","date_gmt":"2022-06-19T08:45:55","guid":{"rendered":"https:\/\/projeteducatifniger.org\/?p=1470"},"modified":"2022-06-19T09:45:55","modified_gmt":"2022-06-19T08:45:55","slug":"junio-2022","status":"publish","type":"post","link":"https:\/\/projeteducatifniger.org\/es\/junio-2022\/","title":{"rendered":"Junio 2022"},"content":{"rendered":"<p>Hola a tod@s!<\/p>\n<p><img loading=\"lazy\" decoding=\"async\" class=\"alignright size-medium wp-image-1350\" src=\"https:\/\/projeteducatifniger.org\/wp-content\/uploads\/im1-19-06-22-214x300.jpg\" alt=\"\" width=\"214\" height=\"300\" srcset=\"https:\/\/projeteducatifniger.org\/wp-content\/uploads\/im1-19-06-22-214x300.jpg 214w, https:\/\/projeteducatifniger.org\/wp-content\/uploads\/im1-19-06-22.jpg 544w\" sizes=\"(max-width: 214px) 100vw, 214px\" \/><br \/>\nEl lunes 6 de junio, el Proyecto N\u00edger fue al Liceo Franc\u00e9s de Madrid para conocer a Sophie Biocchi, Olivia Gomez-Acebo de CM2J y Alice S\u00e1nchez de CM2D, las alumnas que realizaron el dibujo seleccionado para nuestro calendario 2022.<\/p>\n<p>&nbsp;<\/p>\n<p>&nbsp;<\/p>\n<p>&nbsp;<\/p>\n<p>&nbsp;<\/p>\n<p>&nbsp;<\/p>\n<p>Al llegar, el director de Primaria, Thomas Letessier, nos recibi\u00f3, y luego subimos juntos a las aulas para entregar a nuestras j\u00f3venes y talentosas artistas unos regalos m\u00e1s que merecidos.<br \/>\nSegundo plano, de izquierda a derecha: Christian Moreau, presidente del Proyecto N\u00edger, Marie Lambert, profesora de CM2D y Thomas Letessier, director de Primaria.<\/p>\n<div id=\"attachment_1351\" style=\"width: 310px\" class=\"wp-caption alignright\"><img loading=\"lazy\" decoding=\"async\" aria-describedby=\"caption-attachment-1351\" class=\"size-medium wp-image-1351\" src=\"https:\/\/projeteducatifniger.org\/wp-content\/uploads\/im-19-06-22-300x228.jpg\" alt=\"Second plan, de gauche \u00e0 droite : Christian Moreau, Pr\u00e9sident du Projet Niger, Marie Lambert, ma\u00eetresse du CM2D et Thomas Letessier, Directeur du Primaire. Premier plan, de gauche \u00e0 droite : Thomas Guyon, ma\u00eetre du CM2J, Sophie Biocchi, Alice S\u00e1nchez et Olivia G\u00f3mez-Acebo.\" width=\"300\" height=\"228\" srcset=\"https:\/\/projeteducatifniger.org\/wp-content\/uploads\/im-19-06-22-300x228.jpg 300w, https:\/\/projeteducatifniger.org\/wp-content\/uploads\/im-19-06-22-768x583.jpg 768w, https:\/\/projeteducatifniger.org\/wp-content\/uploads\/im-19-06-22.jpg 823w\" sizes=\"(max-width: 300px) 100vw, 300px\" \/><p id=\"caption-attachment-1351\" class=\"wp-caption-text\">Segundo plano, de izquierda a derecha: Christian Moreau, presidente del Proyecto N\u00edger, Marie Lambert, profesora de CM2D y Thomas Letessier, director de Primaria.<br \/>Primer plano, de izquierda a derecha: Thomas Guyon, profesor de CM2J, Sophie Biocchi, Alice S\u00e1nchez et Olivia G\u00f3mez-Acebo<\/p><\/div>\n<p>Primer plano, de izquierda a derecha: Thomas Guyon, profesor de CM2J, Sophie Biocchi, Alice S\u00e1nchez et Olivia G\u00f3mez-Acebo.<br \/>\nLes preguntamos detalles acerca de la realizaci\u00f3n de su magn\u00edfico dibujo. Aqu\u00ed sus respuestas:<br \/>\n1) \u00bfC\u00f3mo os vino la idea del dibujo?<br \/>\n\u00abQuer\u00edamos hacer un dibujo solidario utilizando un elemento natural. Enseguida pensamos en un \u00e1rbol. Y as\u00ed tuvimos nuestro \u00e1rbol solidario. Dibujamos una puesta de sol para hacer un gui\u00f1o a \u00c1frica.\u00bb<br \/>\n2) \u00bfC\u00f3mo os repartisteis la realizaci\u00f3n del dibujo?<br \/>\n\u00abAlice dibuj\u00f3 el \u00e1rbol, Sophie se encarg\u00f3 de las decoraciones y de una parte de la puesta del sol y Olivia dibuj\u00f3 los personajes. El resto, lo hicimos entre las 3 poco a poco durante varios d\u00edas.\u00bb<\/p>\n<p>3) \u00bfQu\u00e9 material utilizasteis?<br \/>\n\u201cUnos l\u00e1pices, tinta a base de aceite, una placa para grabado, acuarelas para dibujar la puesta del sol y unos cinceles.\u201d<br \/>\n4) \u00bfCu\u00e1nto tiempo tardasteis en acabar el dibujo?<br \/>\n\u201c4h con pausas.\u201d<\/p>\n<p>\u00a1Os deseamos un feliz verano!<\/p>\n<p style=\"text-align: right;\">Sophie Castelblanque para el Proyect N\u00edger<\/p>\n<p>&nbsp;<\/p>\n<p>&nbsp;<\/p>\n<p>&nbsp;<\/p>\n<p>&nbsp;<\/p>\n","protected":false},"excerpt":{"rendered":"<p>Hola a tod@s! El lunes 6 de junio, el Proyecto N\u00edger fue al Liceo Franc\u00e9s de Madrid para conocer a Sophie Biocchi, Olivia Gomez-Acebo de CM2J y Alice S\u00e1nchez de CM2D, las alumnas que realizaron el dibujo seleccionado para nuestro calendario 2022. &nbsp; &nbsp; &nbsp; &nbsp; &nbsp; Al llegar, el director de Primaria, Thomas Letessier, [&hellip;]<\/p>\n","protected":false},"author":1,"featured_media":1770,"comment_status":"closed","ping_status":"open","sticky":false,"template":"","format":"standard","meta":{"_et_pb_use_builder":"","_et_pb_old_content":"","_et_gb_content_width":"","footnotes":""},"categories":[],"tags":[],"class_list":["post-1470","post","type-post","status-publish","format-standard","has-post-thumbnail","hentry"],"_links":{"self":[{"href":"https:\/\/projeteducatifniger.org\/es\/wp-json\/wp\/v2\/posts\/1470","targetHints":{"allow":["GET"]}}],"collection":[{"href":"https:\/\/projeteducatifniger.org\/es\/wp-json\/wp\/v2\/posts"}],"about":[{"href":"https:\/\/projeteducatifniger.org\/es\/wp-json\/wp\/v2\/types\/post"}],"author":[{"embeddable":true,"href":"https:\/\/projeteducatifniger.org\/es\/wp-json\/wp\/v2\/users\/1"}],"replies":[{"embeddable":true,"href":"https:\/\/projeteducatifniger.org\/es\/wp-json\/wp\/v2\/comments?post=1470"}],"version-history":[{"count":0,"href":"https:\/\/projeteducatifniger.org\/es\/wp-json\/wp\/v2\/posts\/1470\/revisions"}],"wp:featuredmedia":[{"embeddable":true,"href":"https:\/\/projeteducatifniger.org\/es\/wp-json\/wp\/v2\/media\/1770"}],"wp:attachment":[{"href":"https:\/\/projeteducatifniger.org\/es\/wp-json\/wp\/v2\/media?parent=1470"}],"wp:term":[{"taxonomy":"category","embeddable":true,"href":"https:\/\/projeteducatifniger.org\/es\/wp-json\/wp\/v2\/categories?post=1470"},{"taxonomy":"post_tag","embeddable":true,"href":"https:\/\/projeteducatifniger.org\/es\/wp-json\/wp\/v2\/tags?post=1470"}],"curies":[{"name":"wp","href":"https:\/\/api.w.org\/{rel}","templated":true}]}}