{"id":1460,"date":"2022-01-24T16:54:30","date_gmt":"2022-01-24T15:54:30","guid":{"rendered":"https:\/\/projeteducatifniger.org\/?p=1460"},"modified":"2022-01-24T16:54:30","modified_gmt":"2022-01-24T15:54:30","slug":"feliz-ano-nuevo-de-parte-de-todos-los-voluntarios-del-proyecto-niger","status":"publish","type":"post","link":"https:\/\/projeteducatifniger.org\/es\/feliz-ano-nuevo-de-parte-de-todos-los-voluntarios-del-proyecto-niger\/","title":{"rendered":"\u00a1Feliz a\u00f1o nuevo de parte de todos los voluntarios del Proyecto N\u00edger!"},"content":{"rendered":"<p>Os agradecemos mucho vuestra participaci\u00f3n en la difusi\u00f3n del calendario. Casi hemos alcanzado el objetivo que nos hab\u00edamos propuesto, que era la recaudaci\u00f3n de unos 12.000 \u20ac. Esperamos poder anunciaros en nuestro pr\u00f3ximo art\u00edculo que efectivamente se ha reunido este dinero en su totalidad.<\/p>\n<p><img loading=\"lazy\" decoding=\"async\" class=\"size-full wp-image-1267 alignleft\" src=\"https:\/\/projeteducatifniger.org\/wp-content\/uploads\/im-1-24-01.jpg\" alt=\"\" width=\"172\" height=\"229\" \/>Las cartas de los ni\u00f1os participando a nuestro proyecto pedag\u00f3gico han sido enviadas y recibidas antes de las fiestas de fin de a\u00f1o. Se trata de unas 700 cartas que iban acompa\u00f1adas de las fotos de los ni\u00f1@s.<img loading=\"lazy\" decoding=\"async\" class=\"alignright size-full wp-image-1268\" src=\"https:\/\/projeteducatifniger.org\/wp-content\/uploads\/im-2-24-01.jpg\" alt=\"\" width=\"176\" height=\"227\" \/><\/p>\n<p>Ante el \u00e9xito de la electrificaci\u00f3n de una clase de una escuela de primaria, cada uno de los otros 9 colegios asociados al Proyecto se beneficiar\u00e1 muy pronto de la misma acci\u00f3n.<\/p>\n<p>Esto permitir\u00e1 a los ni\u00f1os hacer sus deberes en muy buenas condiciones y tambi\u00e9n asistir a clases de refuerzo escolar. Asimismo, esta clase ser\u00e1 un nuevo lugar de vida para la gente, un lugar perfecto para reuniones donde el colegio participar\u00e1 de pleno en la vida del pueblo.<\/p>\n<p>Los colegios participaron a su financiaci\u00f3n por una peque\u00f1a parte, el resto fue a cargo del Proyecto N\u00edger.<\/p>\n<p>Por otro lado, nuestra asociaci\u00f3n acept\u00f3 pagar la financiaci\u00f3n del cambio de bater\u00edas del colegio de Tessa estando este ya parcialmente electrificado.<\/p>\n<p>&nbsp;<\/p>\n<p><img loading=\"lazy\" decoding=\"async\" class=\"size-full wp-image-1269 alignleft\" src=\"https:\/\/projeteducatifniger.org\/wp-content\/uploads\/im-3-24-01.jpg\" alt=\"\" width=\"168\" height=\"224\" \/>El s\u00e1bado 8 de enero tuvo lugar por primera vez en Gala un taller de lectura y dibujo animado por Boubacar y Harouna, dos de nuestros voluntarios en N\u00edger. Estaba destinado a los ni\u00f1os participando al Proyecto. Estos talleres ser\u00e1n organizados cada 15 d\u00edas hasta terminarse el curso escolar.<img loading=\"lazy\" decoding=\"async\" class=\"alignright size-full wp-image-1270\" src=\"https:\/\/projeteducatifniger.org\/wp-content\/uploads\/im-4-24-01.jpg\" alt=\"\" width=\"171\" height=\"229\" \/><\/p>\n<p>&nbsp;<\/p>\n<p>Finalmente, nos gustar\u00eda much\u00edsimo conocer vuestras opiniones sobre las distintas acciones que estamos llevando a cabo en N\u00edger. Para ello os sugerimos que nos escriban a trav\u00e9s de Facebook <a href=\"http:\/\/www.facebook.com\/projetnigerproyectonigeraecid\">www.facebook.com\/projetnigerproyectonigeraecid<\/a> o en nuestra p\u00e1gina web <a href=\"https:\/\/projeteducatifniger.org\/es\/\">https:\/\/projeteducatifniger.org\/<\/a><\/p>\n<p>&nbsp;<\/p>\n<p>Sophie Castelblanque para el Proyecto N\u00edger<\/p>\n","protected":false},"excerpt":{"rendered":"<p>Os agradecemos mucho vuestra participaci\u00f3n en la difusi\u00f3n del calendario. Casi hemos alcanzado el objetivo que nos hab\u00edamos propuesto, que era la recaudaci\u00f3n de unos 12.000 \u20ac. Esperamos poder anunciaros en nuestro pr\u00f3ximo art\u00edculo que efectivamente se ha reunido este dinero en su totalidad. Las cartas de los ni\u00f1os participando a nuestro proyecto pedag\u00f3gico han [&hellip;]<\/p>\n","protected":false},"author":1,"featured_media":0,"comment_status":"closed","ping_status":"open","sticky":false,"template":"","format":"standard","meta":{"_et_pb_use_builder":"","_et_pb_old_content":"","_et_gb_content_width":"","footnotes":""},"categories":[],"tags":[],"class_list":["post-1460","post","type-post","status-publish","format-standard","hentry"],"_links":{"self":[{"href":"https:\/\/projeteducatifniger.org\/es\/wp-json\/wp\/v2\/posts\/1460","targetHints":{"allow":["GET"]}}],"collection":[{"href":"https:\/\/projeteducatifniger.org\/es\/wp-json\/wp\/v2\/posts"}],"about":[{"href":"https:\/\/projeteducatifniger.org\/es\/wp-json\/wp\/v2\/types\/post"}],"author":[{"embeddable":true,"href":"https:\/\/projeteducatifniger.org\/es\/wp-json\/wp\/v2\/users\/1"}],"replies":[{"embeddable":true,"href":"https:\/\/projeteducatifniger.org\/es\/wp-json\/wp\/v2\/comments?post=1460"}],"version-history":[{"count":0,"href":"https:\/\/projeteducatifniger.org\/es\/wp-json\/wp\/v2\/posts\/1460\/revisions"}],"wp:attachment":[{"href":"https:\/\/projeteducatifniger.org\/es\/wp-json\/wp\/v2\/media?parent=1460"}],"wp:term":[{"taxonomy":"category","embeddable":true,"href":"https:\/\/projeteducatifniger.org\/es\/wp-json\/wp\/v2\/categories?post=1460"},{"taxonomy":"post_tag","embeddable":true,"href":"https:\/\/projeteducatifniger.org\/es\/wp-json\/wp\/v2\/tags?post=1460"}],"curies":[{"name":"wp","href":"https:\/\/api.w.org\/{rel}","templated":true}]}}