{"id":1458,"date":"2021-12-06T16:48:43","date_gmt":"2021-12-06T15:48:43","guid":{"rendered":"https:\/\/projeteducatifniger.org\/?p=1458"},"modified":"2021-12-06T16:48:43","modified_gmt":"2021-12-06T15:48:43","slug":"novedades-noviembre-2021","status":"publish","type":"post","link":"https:\/\/projeteducatifniger.org\/es\/novedades-noviembre-2021\/","title":{"rendered":"Novedades : noviembre 2021"},"content":{"rendered":"<p>\u00a1Hola a tod@s!<br \/>\n\u00a1Ya est\u00e1! La difusi\u00f3n del calendario 2022 empez\u00f3 el 15 de noviembre en Valencia y el 22 de<br \/>\nnoviembre en Madrid.<br \/>\nEl dibujo elegido es \u00e9l hecho por Sophie Biocchi, Olivia Gomez-Acebo de Cm2 J y Alice S\u00e1nchez<br \/>\nde CM2 D.<br \/>\n<img loading=\"lazy\" decoding=\"async\" src=\"https:\/\/projeteducatifniger.org\/wp-content\/uploads\/calendrier-214x300.jpg\" alt=\"\" width=\"214\" height=\"300\" class=\"aligncenter size-medium wp-image-1245\" srcset=\"https:\/\/projeteducatifniger.org\/wp-content\/uploads\/calendrier-214x300.jpg 214w, https:\/\/projeteducatifniger.org\/wp-content\/uploads\/calendrier.jpg 540w\" sizes=\"(max-width: 214px) 100vw, 214px\" \/><\/p>\n<p>Las personas que quieran participar a nuestro Proyecto pueden mandar sus donaciones a la<br \/>\ncuenta bancaria de la asociaci\u00f3n Proyecto N\u00edger :<br \/>\n<img loading=\"lazy\" decoding=\"async\" src=\"https:\/\/projeteducatifniger.org\/wp-content\/uploads\/banco-300x16.jpg\" alt=\"\" width=\"300\" height=\"16\" class=\"aligncenter size-medium wp-image-1244\" srcset=\"https:\/\/projeteducatifniger.org\/wp-content\/uploads\/banco-300x16.jpg 300w, https:\/\/projeteducatifniger.org\/wp-content\/uploads\/banco-768x40.jpg 768w, https:\/\/projeteducatifniger.org\/wp-content\/uploads\/banco.jpg 973w\" sizes=\"(max-width: 300px) 100vw, 300px\" \/><br \/>\nAl prohibir la ley que los ni\u00f1os manipulen dinero en los establecimientos escolares, les rogamos<br \/>\ntengan la amabilidad, si desean colaborar con los calendarios, de rellenar y devolvernos, por<br \/>\nintermediaci\u00f3n de su hijo, el siguiente formulario:<br \/>\n<img loading=\"lazy\" decoding=\"async\" src=\"https:\/\/projeteducatifniger.org\/wp-content\/uploads\/formulaire-es-300x141.jpg\" alt=\"\" width=\"300\" height=\"141\" class=\"aligncenter size-medium wp-image-1254\" srcset=\"https:\/\/projeteducatifniger.org\/wp-content\/uploads\/formulaire-es-300x141.jpg 300w, https:\/\/projeteducatifniger.org\/wp-content\/uploads\/formulaire-es-768x361.jpg 768w, https:\/\/projeteducatifniger.org\/wp-content\/uploads\/formulaire-es.jpg 986w\" sizes=\"(max-width: 300px) 100vw, 300px\" \/><\/p>\n<p>El Proyecto N\u00edger, compuesto \u00fanicamente de voluntarios, necesita vuestra ayuda para seguir<br \/>\ndesarrollando sus acciones en N\u00edger.<br \/>\n<img loading=\"lazy\" decoding=\"async\" src=\"https:\/\/projeteducatifniger.org\/wp-content\/uploads\/im2-nov-134x300.jpg\" alt=\"\" width=\"134\" height=\"300\" class=\"alignright size-medium wp-image-1248\" srcset=\"https:\/\/projeteducatifniger.org\/wp-content\/uploads\/im2-nov-134x300.jpg 134w, https:\/\/projeteducatifniger.org\/wp-content\/uploads\/im2-nov.jpg 236w\" sizes=\"(max-width: 134px) 100vw, 134px\" \/><br \/>\n<img loading=\"lazy\" decoding=\"async\" src=\"https:\/\/projeteducatifniger.org\/wp-content\/uploads\/im1-nov-225x300.jpg\" alt=\"\" width=\"225\" height=\"300\" class=\"alignleft size-medium wp-image-1247\" srcset=\"https:\/\/projeteducatifniger.org\/wp-content\/uploads\/im1-nov-225x300.jpg 225w, https:\/\/projeteducatifniger.org\/wp-content\/uploads\/im1-nov.jpg 393w\" sizes=\"(max-width: 225px) 100vw, 225px\" \/><\/p>\n<p>Como os lo anunciamos en nuestro art\u00edculo del mes pasado, la construcci\u00f3n de la s\u00e9ptima clase ya ha<br \/>\nterminado. La recepci\u00f3n provisional se hizo en presencia de un representante de la asociaci\u00f3n y de un<br \/>\nrepresentante del ayuntamiento el 18 de noviembre.<br \/>\nEsta clase, que tiene dos pizarras, est\u00e1 lista para acoger una o dos clases de 30 alumnos de Nassarawa. Se trata de la segunda clase que construimos en este pueblo.<\/p>\n<p>La entrega del material escolar se efectu\u00f3 para los alumnos de primaria como todos los a\u00f1os.<br \/>\nFue largo y complicado pero nuestros 751 alumnos ya recibieron su bolsa con todo el material que necesitan para el curso escolar 2021\/2022.<br \/>\nLos 300 alumnos de secundaria de Tessa tendr\u00edan que recibir las suyas dentro de muy poco.<br \/>\n<img loading=\"lazy\" decoding=\"async\" src=\"https:\/\/projeteducatifniger.org\/wp-content\/uploads\/im3-nov-226x300.jpg\" alt=\"\" width=\"226\" height=\"300\" class=\"alignleft size-medium wp-image-1249\" srcset=\"https:\/\/projeteducatifniger.org\/wp-content\/uploads\/im3-nov-226x300.jpg 226w, https:\/\/projeteducatifniger.org\/wp-content\/uploads\/im3-nov.jpg 501w\" sizes=\"(max-width: 226px) 100vw, 226px\" \/><\/p>\n<p><img loading=\"lazy\" decoding=\"async\" src=\"https:\/\/projeteducatifniger.org\/wp-content\/uploads\/im4-nov-232x300.jpg\" alt=\"\" width=\"232\" height=\"300\" class=\"alignright size-medium wp-image-1250\" srcset=\"https:\/\/projeteducatifniger.org\/wp-content\/uploads\/im4-nov-232x300.jpg 232w, https:\/\/projeteducatifniger.org\/wp-content\/uploads\/im4-nov.jpg 484w\" sizes=\"(max-width: 232px) 100vw, 232px\" \/><br \/>\nLos 23 y 24 de octubre tuvo lugar en Tessa una formaci\u00f3n para los profesores que participan al<br \/>\nintercambio de cartas con sus alumnos. El objetivo era reflexionar sobre la utilizaci\u00f3n del dibujo en la pedagog\u00eda como soporte en las actividades pluridisciplinarias.<\/p>\n<p><img loading=\"lazy\" decoding=\"async\" src=\"https:\/\/projeteducatifniger.org\/wp-content\/uploads\/im5-nov-300x226.jpg\" alt=\"\" width=\"300\" height=\"226\" class=\"aligncenter size-medium wp-image-1251\" srcset=\"https:\/\/projeteducatifniger.org\/wp-content\/uploads\/im5-nov-300x226.jpg 300w, https:\/\/projeteducatifniger.org\/wp-content\/uploads\/im5-nov.jpg 573w\" sizes=\"(max-width: 300px) 100vw, 300px\" \/><br \/>\n De hecho, es importante subrayar que los ni\u00f1os s\u00f3lo hablan franc\u00e9s en el colegio y por ello el nivel del vocabulario es muy bajo. Con el dibujo, el aprendizaje se vuelve entonces m\u00e1s l\u00fadico.<br \/>\nEl curso proporcionado por Harouna ha sido muy bien acogido y muy apreciado. A ra\u00edz del entusiasmo de los profesores, organizamos una segunda formaci\u00f3n los d\u00edas 21 y 22 de noviembre.<br \/>\nEsperamos poder seguir proponiendo cursos a los profesores de N\u00edger, ya que nos lo solicitan.<br \/>\nSophie Castelblanque para el Proyecto N\u00edger<\/p>\n","protected":false},"excerpt":{"rendered":"<p>\u00a1Hola a tod@s! \u00a1Ya est\u00e1! La difusi\u00f3n del calendario 2022 empez\u00f3 el 15 de noviembre en Valencia y el 22 de noviembre en Madrid. El dibujo elegido es \u00e9l hecho por Sophie Biocchi, Olivia Gomez-Acebo de Cm2 J y Alice S\u00e1nchez de CM2 D. Las personas que quieran participar a nuestro Proyecto pueden mandar sus [&hellip;]<\/p>\n","protected":false},"author":1,"featured_media":0,"comment_status":"closed","ping_status":"open","sticky":false,"template":"","format":"standard","meta":{"_et_pb_use_builder":"","_et_pb_old_content":"","_et_gb_content_width":"","footnotes":""},"categories":[],"tags":[],"class_list":["post-1458","post","type-post","status-publish","format-standard","hentry"],"_links":{"self":[{"href":"https:\/\/projeteducatifniger.org\/es\/wp-json\/wp\/v2\/posts\/1458","targetHints":{"allow":["GET"]}}],"collection":[{"href":"https:\/\/projeteducatifniger.org\/es\/wp-json\/wp\/v2\/posts"}],"about":[{"href":"https:\/\/projeteducatifniger.org\/es\/wp-json\/wp\/v2\/types\/post"}],"author":[{"embeddable":true,"href":"https:\/\/projeteducatifniger.org\/es\/wp-json\/wp\/v2\/users\/1"}],"replies":[{"embeddable":true,"href":"https:\/\/projeteducatifniger.org\/es\/wp-json\/wp\/v2\/comments?post=1458"}],"version-history":[{"count":0,"href":"https:\/\/projeteducatifniger.org\/es\/wp-json\/wp\/v2\/posts\/1458\/revisions"}],"wp:attachment":[{"href":"https:\/\/projeteducatifniger.org\/es\/wp-json\/wp\/v2\/media?parent=1458"}],"wp:term":[{"taxonomy":"category","embeddable":true,"href":"https:\/\/projeteducatifniger.org\/es\/wp-json\/wp\/v2\/categories?post=1458"},{"taxonomy":"post_tag","embeddable":true,"href":"https:\/\/projeteducatifniger.org\/es\/wp-json\/wp\/v2\/tags?post=1458"}],"curies":[{"name":"wp","href":"https:\/\/api.w.org\/{rel}","templated":true}]}}