{"id":1450,"date":"2021-03-21T10:46:01","date_gmt":"2021-03-21T09:46:01","guid":{"rendered":"https:\/\/projeteducatifniger.org\/?p=1450"},"modified":"2021-03-21T10:46:01","modified_gmt":"2021-03-21T09:46:01","slug":"boletin-informativo-no2-2021","status":"publish","type":"post","link":"https:\/\/projeteducatifniger.org\/es\/boletin-informativo-no2-2021\/","title":{"rendered":"Bolet\u00edn informativo n\u00ba2\/2021"},"content":{"rendered":"<p align=\"LEFT\"><span style=\"color: #000000;\"><span style=\"font-size: large;\"><span style=\"font-size: medium;\">Buenos d\u00edas a todas y todos,<\/span><\/span><\/span><\/p>\n<p align=\"LEFT\"><span style=\"color: #000000;\"><span style=\"font-size: medium;\">Dedicamos con mucho gusto este segundo bolet\u00edn al calendario 2021.<\/span><\/span><\/p>\n<p align=\"LEFT\"><img loading=\"lazy\" decoding=\"async\" class=\"size-medium wp-image-1131 aligncenter\" src=\"http:\/\/www.projeteducatifniger.org\/accueil\/wp-content\/uploads\/im-calendrier.jpg\" alt=\"\" width=\"226\" height=\"300\" \/><\/p>\n<p align=\"JUSTIFY\"><span style=\"color: #000000;\"><span style=\"font-size: medium;\">Enhorabuena a Alba, de CM1-E, que merece un gran aplauso por este magn\u00edfico dibujo<\/span><\/span><\/p>\n<p align=\"JUSTIFY\"><span style=\"color: #000000;\"><span style=\"font-size: medium;\">tan representativo de lo que es el Proyecto N\u00edger, \u00a1y todo nuestro agradecimiento a los m\u00e1s de 200 participantes al concurso!<\/span><\/span><\/p>\n<p align=\"JUSTIFY\"><span style=\"color: #000000;\"> <span style=\"font-size: medium;\">Tambi\u00e9n damos las gracias al conjunto de los profesores de las clases de CM1 y CM2 que acompa\u00f1aron a sus alumnos en este trabajo art\u00edstico y c\u00edvico.<\/span><\/span><\/p>\n<p align=\"LEFT\"><span style=\"color: #000000;\"> <span style=\"font-size: medium;\">Alba ha tenido la amabilidad de contestar a unas preguntas&#8230;<\/span><\/span><\/p>\n<p align=\"LEFT\"><span style=\"color: #000000;\"><span style=\"font-size: medium;\"><i>P. N.: \u00bfC\u00f3mo te vino la idea de representar esta escena?<\/i><\/span><\/span><\/p>\n<p align=\"LEFT\"><span style=\"color: #000000;\"><span style=\"font-size: medium;\">Alba: Me gusta dibujar a la gente de espaldas, y los cielos coloridos.<\/span><\/span><\/p>\n<p align=\"LEFT\"><span style=\"color: #000000;\"> <span style=\"font-size: medium;\">Nuestro pa\u00eds y N\u00edger son muy diferentes, como lo muestra el dibujo, pero tambi\u00e9n<\/span><\/span><\/p>\n<p align=\"LEFT\"><span style=\"color: #000000;\"> <span style=\"font-size: medium;\">est\u00e1n unidos bajo el mismo cielo y en el mismo camino, y a las ni\u00f1as tambi\u00e9n les une<\/span><\/span><\/p>\n<p align=\"LEFT\"><span style=\"color: #000000;\"> <span style=\"font-size: medium;\">la amistad.<\/span><\/span><\/p>\n<p align=\"LEFT\"><span style=\"color: #000000;\"><span style=\"font-size: medium;\"><i>P.N.: \u00bfQu\u00e9 fue lo que dibujaste&#8230; primero?&#8230; seguidamente?&#8230; por \u00faltimo?<\/i><\/span><\/span><\/p>\n<p align=\"LEFT\"><span style=\"color: #000000;\"><span style=\"font-size: medium;\">Alba: Primero dibuj\u00e9 las ni\u00f1as, luego las manos que forman un coraz\u00f3n (fue lo m\u00e1s dif\u00edcil).<\/span><\/span><\/p>\n<p align=\"LEFT\"><span style=\"color: #000000;\"> <span style=\"font-size: medium;\">Luego dibuj\u00e9 el camino y el paisaje y para terminar, el cielo. <\/span><\/span><\/p>\n<p align=\"LEFT\"><span style=\"color: #000000;\"><span style=\"font-size: medium;\"><i>P.N.<\/i>: \u00bf<i>Qu\u00e9 material utilizaste (rotuladores, etc.)?<\/i><\/span><\/span><\/p>\n<p align=\"LEFT\"><span style=\"color: #000000;\"><span style=\"font-size: medium;\">Alba: Para los personajes y el decorado, utilic\u00e9 rotuladores y l\u00e1pices de colores y para el<\/span><\/span><\/p>\n<p align=\"LEFT\"><span style=\"color: #000000;\"> <span style=\"font-size: medium;\">cielo, utilic\u00e9 pasteles secos.<\/span><\/span><\/p>\n<p align=\"LEFT\"><img loading=\"lazy\" decoding=\"async\" class=\"size-medium wp-image-1131 aligncenter\" src=\"http:\/\/www.projeteducatifniger.org\/accueil\/wp-content\/uploads\/im-eleve-1.jpg\" alt=\"\" width=\"226\" height=\"300\" \/><\/p>\n<p align=\"LEFT\"><span style=\"color: #000000;\"><span style=\"font-size: medium;\">Para ver y escuchar a Alba habl\u00e1ndonos de su dibujo, cliquen en el siguiente enlace:<\/span><\/span><\/p>\n<p align=\"CENTER\"><a href=\"https:\/\/drive.google.com\/file\/d\/1Ic4fUYrOyecWDszYkXtaCeex5Tk0BDgN\/view?usp=sharing\"><span style=\"color: #000000;\">https:\/\/drive.google.com\/file\/d\/1Ic4fUYrOyecWDszYkXtaCeex5Tk0BDgN\/view?usp=sharing<\/span><\/a><\/p>\n<p align=\"LEFT\"><span style=\"color: #000000;\"> <span style=\"font-size: medium;\">Una vez m\u00e1s este a\u00f1o, a pesar de las dificultades por la situaci\u00f3n sanitaria actual, tenemos el gran placer de constatar y anunciarles que el calendario ha tenido mucho \u00e9xito.<\/span><\/span><\/p>\n<p align=\"LEFT\"><span style=\"color: #000000;\"> <span style=\"font-size: medium;\">Y es a ustedes, y al conjunto de la comunidad del LFM, a quienes dirijimos nuestra gratitud: alumnos, familias, profesores, administraci\u00f3n del liceo&#8230;, quienes expresan su inter\u00e9s y su adhesi\u00f3n al Proyecto N\u00edger.<\/span><\/span><\/p>\n<p align=\"LEFT\"><span style=\"color: #000000;\"> <span style=\"font-size: medium;\">Gracias a sus donativos, podremos mantener y reforzar las acciones ya existentes, siendo las principales la compra, el transporte hasta las aldeas y la distribuci\u00f3n del material escolar para los 2.000 alumnos de las escuelas participantes, los microcr\u00e9ditos para las madres de alumnos y los profesores, las acciones espec\u00edficas de lucha contra la descolarizaci\u00f3n, la organizaci\u00f3n de cursillos de formaci\u00f3n para el profesorado.<\/span><\/span><\/p>\n<p align=\"LEFT\"><span style=\"color: #000000;\"> <span style=\"font-size: medium;\">Tambi\u00e9n podremos pr\u00f3ximamente iniciar la instalaci\u00f3n progresiva de paneles solares en las diferentes escuelas participantes para que, en cada una de ellas, al menos un aula tenga luz, lo cual permitir\u00e1 a los alumnos estudiar despu\u00e9s del anochecer y a los aldeanos tener un lugar donde reunirse, lo que dar\u00e1 a la escuela un lugar central en la vida del pueblo.<\/span><\/span><\/p>\n<p align=\"LEFT\"><span style=\"color: #000000;\">Ch. Moreau<\/span><\/p>\n<p align=\"LEFT\"><span style=\"color: #000000;\">por el Proyecto N\u00edger<\/span><\/p>\n<p><img loading=\"lazy\" decoding=\"async\" class=\"size-medium wp-image-1131 aligncenter\" src=\"http:\/\/www.projeteducatifniger.org\/accueil\/wp-content\/uploads\/im-classe-1.jpg\" alt=\"\" width=\"226\" height=\"300\" \/><\/p>\n","protected":false},"excerpt":{"rendered":"<p>Buenos d\u00edas a todas y todos, Dedicamos con mucho gusto este segundo bolet\u00edn al calendario 2021. Enhorabuena a Alba, de CM1-E, que merece un gran aplauso por este magn\u00edfico dibujo tan representativo de lo que es el Proyecto N\u00edger, \u00a1y todo nuestro agradecimiento a los m\u00e1s de 200 participantes al concurso! Tambi\u00e9n damos las gracias [&hellip;]<\/p>\n","protected":false},"author":1,"featured_media":0,"comment_status":"closed","ping_status":"open","sticky":false,"template":"","format":"standard","meta":{"_et_pb_use_builder":"","_et_pb_old_content":"","_et_gb_content_width":"","footnotes":""},"categories":[],"tags":[],"class_list":["post-1450","post","type-post","status-publish","format-standard","hentry"],"_links":{"self":[{"href":"https:\/\/projeteducatifniger.org\/es\/wp-json\/wp\/v2\/posts\/1450","targetHints":{"allow":["GET"]}}],"collection":[{"href":"https:\/\/projeteducatifniger.org\/es\/wp-json\/wp\/v2\/posts"}],"about":[{"href":"https:\/\/projeteducatifniger.org\/es\/wp-json\/wp\/v2\/types\/post"}],"author":[{"embeddable":true,"href":"https:\/\/projeteducatifniger.org\/es\/wp-json\/wp\/v2\/users\/1"}],"replies":[{"embeddable":true,"href":"https:\/\/projeteducatifniger.org\/es\/wp-json\/wp\/v2\/comments?post=1450"}],"version-history":[{"count":0,"href":"https:\/\/projeteducatifniger.org\/es\/wp-json\/wp\/v2\/posts\/1450\/revisions"}],"wp:attachment":[{"href":"https:\/\/projeteducatifniger.org\/es\/wp-json\/wp\/v2\/media?parent=1450"}],"wp:term":[{"taxonomy":"category","embeddable":true,"href":"https:\/\/projeteducatifniger.org\/es\/wp-json\/wp\/v2\/categories?post=1450"},{"taxonomy":"post_tag","embeddable":true,"href":"https:\/\/projeteducatifniger.org\/es\/wp-json\/wp\/v2\/tags?post=1450"}],"curies":[{"name":"wp","href":"https:\/\/api.w.org\/{rel}","templated":true}]}}