{"id":1446,"date":"2021-01-17T13:28:34","date_gmt":"2021-01-17T12:28:34","guid":{"rendered":"https:\/\/projeteducatifniger.org\/?p=1446"},"modified":"2021-01-17T13:28:34","modified_gmt":"2021-01-17T12:28:34","slug":"el-equipo-del-proyecto-niger-les-desea-un-feliz-ano-2021","status":"publish","type":"post","link":"https:\/\/projeteducatifniger.org\/es\/el-equipo-del-proyecto-niger-les-desea-un-feliz-ano-2021\/","title":{"rendered":"\u00a1El equipo del Proyecto N\u00edger les desea un feliz a\u00f1o 2021!  [:]"},"content":{"rendered":"<p>Tras un (demasiado) largo silencio, \u00a1el Proyecto N\u00edger recupera la voz!<\/p>\n<div style=\"width: 261px\" class=\"wp-caption alignright\"><img loading=\"lazy\" decoding=\"async\" title=\"La classe de Tessa 2 qui correspond avec les \u00e9l\u00e8ves de CM1-F du LFM\" src=\"https:\/\/www.lfmadrid.net\/images\/images\/2020-2021\/Projet_Niger\/Classe_tessa2.jpg\" alt=\"La classe de Tessa 2 qui correspond avec les \u00e9l\u00e8ves de CM1-F du LFM\" longdesc=\"La classe de Tessa 2 qui correspond avec les \u00e9l\u00e8ves de CM1-F du LFM\" width=\"251\" height=\"239\"><p class=\"wp-caption-text\">La clase de Tessa 2, que corresponde con los alumnos CM1-F del LFM<\/p><\/div>\n<p>A pesar de las dificultades del periodo actual, el Proyecto N\u00edger nunca ces\u00f3 sus<br \/>\nactividades, bien al contrario, y aprovechamos este principio de a\u00f1o y sus buenas<br \/>\nresoluciones para informarles de que a partir de ahora, publicaremos un bolet\u00edn<\/p>\n<p>mensual de informaci\u00f3n.<\/p>\n<p>Hasta muy pronto en el primer n\u00famero que podr\u00e1n leer en unos d\u00edas.<\/p>\n<p>Christian Moreau para el Proyecto N\u00edger<\/p>\n<p>&nbsp;<\/p>\n<p>&nbsp;<\/p>\n<p>[:]<\/p>\n","protected":false},"excerpt":{"rendered":"<p>Tras un (demasiado) largo silencio, \u00a1el Proyecto N\u00edger recupera la voz! A pesar de las dificultades del periodo actual, el Proyecto N\u00edger nunca ces\u00f3 sus actividades, bien al contrario, y aprovechamos este principio de a\u00f1o y sus buenas resoluciones para informarles de que a partir de ahora, publicaremos un bolet\u00edn mensual de informaci\u00f3n. Hasta muy [&hellip;]<\/p>\n","protected":false},"author":1,"featured_media":0,"comment_status":"closed","ping_status":"open","sticky":false,"template":"","format":"standard","meta":{"_et_pb_use_builder":"","_et_pb_old_content":"","_et_gb_content_width":"","footnotes":""},"categories":[],"tags":[],"class_list":["post-1446","post","type-post","status-publish","format-standard","hentry"],"_links":{"self":[{"href":"https:\/\/projeteducatifniger.org\/es\/wp-json\/wp\/v2\/posts\/1446","targetHints":{"allow":["GET"]}}],"collection":[{"href":"https:\/\/projeteducatifniger.org\/es\/wp-json\/wp\/v2\/posts"}],"about":[{"href":"https:\/\/projeteducatifniger.org\/es\/wp-json\/wp\/v2\/types\/post"}],"author":[{"embeddable":true,"href":"https:\/\/projeteducatifniger.org\/es\/wp-json\/wp\/v2\/users\/1"}],"replies":[{"embeddable":true,"href":"https:\/\/projeteducatifniger.org\/es\/wp-json\/wp\/v2\/comments?post=1446"}],"version-history":[{"count":0,"href":"https:\/\/projeteducatifniger.org\/es\/wp-json\/wp\/v2\/posts\/1446\/revisions"}],"wp:attachment":[{"href":"https:\/\/projeteducatifniger.org\/es\/wp-json\/wp\/v2\/media?parent=1446"}],"wp:term":[{"taxonomy":"category","embeddable":true,"href":"https:\/\/projeteducatifniger.org\/es\/wp-json\/wp\/v2\/categories?post=1446"},{"taxonomy":"post_tag","embeddable":true,"href":"https:\/\/projeteducatifniger.org\/es\/wp-json\/wp\/v2\/tags?post=1446"}],"curies":[{"name":"wp","href":"https:\/\/api.w.org\/{rel}","templated":true}]}}