{"id":1440,"date":"2018-11-29T00:12:55","date_gmt":"2018-11-28T23:12:55","guid":{"rendered":"https:\/\/projeteducatifniger.org\/?p=1440"},"modified":"2018-11-29T00:12:55","modified_gmt":"2018-11-28T23:12:55","slug":"calendario-proyecto-niger-2019","status":"publish","type":"post","link":"https:\/\/projeteducatifniger.org\/es\/calendario-proyecto-niger-2019\/","title":{"rendered":"Calendario Proyecto N\u00edger 2019"},"content":{"rendered":"<p>Hola a todos y todas,<br \/>\nTenemos el gran placer de anunciar al conjunto de la comunidad educativa del Liceo Franc\u00e9s de Madrid q<a href=\"http:\/\/www.projeteducatifniger.org\/accueil\/wp-content\/uploads\/calendrier-2019.jpg\"><img loading=\"lazy\" decoding=\"async\" class=\"size-medium wp-image-950 alignright\" src=\"http:\/\/www.projeteducatifniger.org\/accueil\/wp-content\/uploads\/calendrier-2019-217x300.jpg\" alt=\"\" width=\"217\" height=\"300\" srcset=\"https:\/\/projeteducatifniger.org\/wp-content\/uploads\/calendrier-2019-217x300.jpg 217w, https:\/\/projeteducatifniger.org\/wp-content\/uploads\/calendrier-2019.jpg 369w\" sizes=\"(max-width: 217px) 100vw, 217px\" \/><\/a>ue el calendario Proyecto N\u00edger 2019 ya est\u00e1 disponible.<\/p>\n<p>Como todos los a\u00f1os, un gran n\u00famero de alumnos de CM1 y CM2, m\u00e1s de 250, han participado en el tradicional concurso de dibujo que permite seleccionar el que debe figurar en el calendario.<\/p>\n<p>Felicitamos a Louisie, ganadora de esta nueva edici\u00f3n!!<\/p>\n<p>&nbsp;<\/p>\n<p>&nbsp;<\/p>\n<p>&nbsp;<\/p>\n<p><a href=\"http:\/\/www.projeteducatifniger.org\/accueil\/wp-content\/uploads\/dessin2.jpg\"><img loading=\"lazy\" decoding=\"async\" class=\"alignleft  wp-image-952\" src=\"http:\/\/www.projeteducatifniger.org\/accueil\/wp-content\/uploads\/dessin2-198x300.jpg\" alt=\"\" width=\"163\" height=\"247\" srcset=\"https:\/\/projeteducatifniger.org\/wp-content\/uploads\/dessin2-198x300.jpg 198w, https:\/\/projeteducatifniger.org\/wp-content\/uploads\/dessin2-768x1166.jpg 768w, https:\/\/projeteducatifniger.org\/wp-content\/uploads\/dessin2-675x1024.jpg 675w, https:\/\/projeteducatifniger.org\/wp-content\/uploads\/dessin2.jpg 1089w\" sizes=\"(max-width: 163px) 100vw, 163px\" \/><\/a><\/p>\n<p>Por otra parte, los 300 alumnos que participan en el proyecto de correspondencia con una de las 10 escuelas nigerinas podr\u00e1n, en breve, enviar los primeros correos.<\/p>\n<p>&nbsp;<\/p>\n<p>&nbsp;<\/p>\n<p>&nbsp;<\/p>\n<p>&nbsp;<\/p>\n<p>&nbsp;<\/p>\n<p>&nbsp;<\/p>\n<p>Final<a href=\"http:\/\/www.projeteducatifniger.org\/accueil\/wp-content\/uploads\/puit1.jpg\"><img loading=\"lazy\" decoding=\"async\" class=\"alignleft size-medium wp-image-953\" src=\"http:\/\/www.projeteducatifniger.org\/accueil\/wp-content\/uploads\/puit1-249x300.jpg\" alt=\"\" width=\"249\" height=\"300\" srcset=\"https:\/\/projeteducatifniger.org\/wp-content\/uploads\/puit1-249x300.jpg 249w, https:\/\/projeteducatifniger.org\/wp-content\/uploads\/puit1.jpg 686w\" sizes=\"(max-width: 249px) 100vw, 249px\" \/><\/a>mente, os informamos con gran alegr\u00eda de la finalizaci\u00f3n de la construcci\u00f3n del pozo (de 50 metros de profundidad) que hemos realizado en el poblado de Tombo. Las obras arrancaron el pasado mes de abril y tras varios meses de duro trabajo, el pozo fue inaugurado el 13 de noviembre.<br \/>\nVolveremos muy pronto con m\u00e1s informaci\u00f3n sobre esta acci\u00f3n tan importante en la vida diaria para los habitantes del poblado.<\/p>\n<p>&nbsp;<\/p>\n<p>&nbsp;<\/p>\n<p>&nbsp;<\/p>\n<p>Christian Moreau, Proyecto N\u00edger<br \/>\n[:]<\/p>\n<p>&nbsp;<\/p>\n","protected":false},"excerpt":{"rendered":"<p>Hola a todos y todas, Tenemos el gran placer de anunciar al conjunto de la comunidad educativa del Liceo Franc\u00e9s de Madrid que el calendario Proyecto N\u00edger 2019 ya est\u00e1 disponible. Como todos los a\u00f1os, un gran n\u00famero de alumnos de CM1 y CM2, m\u00e1s de 250, han participado en el tradicional concurso de dibujo [&hellip;]<\/p>\n","protected":false},"author":1,"featured_media":0,"comment_status":"closed","ping_status":"open","sticky":false,"template":"","format":"standard","meta":{"_et_pb_use_builder":"","_et_pb_old_content":"","_et_gb_content_width":"","footnotes":""},"categories":[],"tags":[],"class_list":["post-1440","post","type-post","status-publish","format-standard","hentry"],"_links":{"self":[{"href":"https:\/\/projeteducatifniger.org\/es\/wp-json\/wp\/v2\/posts\/1440","targetHints":{"allow":["GET"]}}],"collection":[{"href":"https:\/\/projeteducatifniger.org\/es\/wp-json\/wp\/v2\/posts"}],"about":[{"href":"https:\/\/projeteducatifniger.org\/es\/wp-json\/wp\/v2\/types\/post"}],"author":[{"embeddable":true,"href":"https:\/\/projeteducatifniger.org\/es\/wp-json\/wp\/v2\/users\/1"}],"replies":[{"embeddable":true,"href":"https:\/\/projeteducatifniger.org\/es\/wp-json\/wp\/v2\/comments?post=1440"}],"version-history":[{"count":0,"href":"https:\/\/projeteducatifniger.org\/es\/wp-json\/wp\/v2\/posts\/1440\/revisions"}],"wp:attachment":[{"href":"https:\/\/projeteducatifniger.org\/es\/wp-json\/wp\/v2\/media?parent=1440"}],"wp:term":[{"taxonomy":"category","embeddable":true,"href":"https:\/\/projeteducatifniger.org\/es\/wp-json\/wp\/v2\/categories?post=1440"},{"taxonomy":"post_tag","embeddable":true,"href":"https:\/\/projeteducatifniger.org\/es\/wp-json\/wp\/v2\/tags?post=1440"}],"curies":[{"name":"wp","href":"https:\/\/api.w.org\/{rel}","templated":true}]}}