{"id":1438,"date":"2018-06-21T11:35:48","date_gmt":"2018-06-21T10:35:48","guid":{"rendered":"https:\/\/projeteducatifniger.org\/?p=1438"},"modified":"2018-06-21T11:35:48","modified_gmt":"2018-06-21T10:35:48","slug":"proyecto-nigermil-gracias","status":"publish","type":"post","link":"https:\/\/projeteducatifniger.org\/es\/proyecto-nigermil-gracias\/","title":{"rendered":"Proyecto N\u00edger\u2026MIL GRACIAS!!!!&#8230;"},"content":{"rendered":"<p>El conjunto de los colaboradores del Proyecto N\u00edger quiere agradecer en este final de a\u00f1o<br \/>\nescolar a todos aquellos que de una u otra forma han apoyado a la Asociaci\u00f3n a lo largo de<br \/>\neste a\u00f1o tan excepcional.<\/p>\n<p>Gracias ante todo a los alumnos y al profesorado de las 20 clases (10 en Espa\u00f1a y 10 en N\u00edger) que<br \/>\nhan participado en la correspondencia de las casi 1700 cartas!!<\/p>\n<p><a href=\"http:\/\/www.projeteducatifniger.org\/accueil\/wp-content\/uploads\/puits.jpg\"><img loading=\"lazy\" decoding=\"async\" class=\"wp-image-926 size-medium alignright\" src=\"http:\/\/www.projeteducatifniger.org\/accueil\/wp-content\/uploads\/puits-300x243.jpg\" alt=\"\" width=\"300\" height=\"243\" srcset=\"https:\/\/projeteducatifniger.org\/wp-content\/uploads\/puits-300x243.jpg 300w, https:\/\/projeteducatifniger.org\/wp-content\/uploads\/puits-768x623.jpg 768w, https:\/\/projeteducatifniger.org\/wp-content\/uploads\/puits.jpg 964w\" sizes=\"(max-width: 300px) 100vw, 300px\" \/><\/a>Gracias a aquellos que nos han ayudado a hacerlas llegar a su destino (no hay carteros en N\u00edger)!<\/p>\n<p>Gracias al padre del alumno que nos puso en contacto con la fundaci\u00f3n de su empresa (con base en<br \/>\nAustria) y que organiz\u00f3 una colaboraci\u00f3n financiera entre nuestras estructuras permitiendo as\u00ed la<br \/>\nconstrucci\u00f3n de una sala de clase realizada en octubre y noviembre de 2017 en el poblado de Gala!<br \/>\nGracias a esa madre y a ese padre de alumnos que nos pusieron en contacto y organizaron la<br \/>\ncolaboraci\u00f3n financiera con una empresa (basada en EEUU) que culmin\u00f3 con la construcci\u00f3n de un pozo en el poblado de Tombo (proyecto en construcci\u00f3n)!<\/p>\n<p><a href=\"http:\/\/www.projeteducatifniger.org\/accueil\/wp-content\/uploads\/meubles-classe.jpg\"><img loading=\"lazy\" decoding=\"async\" class=\"size-medium wp-image-928 alignleft\" src=\"http:\/\/www.projeteducatifniger.org\/accueil\/wp-content\/uploads\/meubles-classe-225x300.jpg\" alt=\"\" width=\"225\" height=\"300\" srcset=\"https:\/\/projeteducatifniger.org\/wp-content\/uploads\/meubles-classe-225x300.jpg 225w, https:\/\/projeteducatifniger.org\/wp-content\/uploads\/meubles-classe-768x1024.jpg 768w, https:\/\/projeteducatifniger.org\/wp-content\/uploads\/meubles-classe.jpg 780w\" sizes=\"(max-width: 225px) 100vw, 225px\" \/><\/a><\/p>\n<p>Gracias al club de rugby del LFM as\u00ed como a la Escuela Internacional de Idiomas de San Blas por<br \/>\nhabernos permitido participar en algunos de sus eventos!<\/p>\n<p>Gracias al conjunto de profesores del LFM que apoyan al Proyecto N\u00edger!<\/p>\n<p>Finalmente, el Proyecto N\u00edger agradece a la administraci\u00f3n del LFM el apoyo y la confianza<br \/>\nrecibidos desde hace m\u00e1s de 16 a\u00f1os!<\/p>\n<p>A todas y a todos, os deseamos un fant\u00e1stico verano y quedamos con vosotros a partir del pr\u00f3ximo<br \/>\n3 de septiembre para un a\u00f1o escolar 2018-2019, que esperamos sea tan fruct\u00edfero y con tantos \u00e9xitos<br \/>\ncomo este que se cierra.<br \/>\nChristian Moreau<br \/>\npara el Proyecto N\u00edger<\/p>\n<p>[:]<\/p>\n","protected":false},"excerpt":{"rendered":"<p>El conjunto de los colaboradores del Proyecto N\u00edger quiere agradecer en este final de a\u00f1o escolar a todos aquellos que de una u otra forma han apoyado a la Asociaci\u00f3n a lo largo de este a\u00f1o tan excepcional. Gracias ante todo a los alumnos y al profesorado de las 20 clases (10 en Espa\u00f1a y [&hellip;]<\/p>\n","protected":false},"author":1,"featured_media":0,"comment_status":"closed","ping_status":"open","sticky":false,"template":"","format":"standard","meta":{"_et_pb_use_builder":"","_et_pb_old_content":"","_et_gb_content_width":"","footnotes":""},"categories":[],"tags":[],"class_list":["post-1438","post","type-post","status-publish","format-standard","hentry"],"_links":{"self":[{"href":"https:\/\/projeteducatifniger.org\/es\/wp-json\/wp\/v2\/posts\/1438","targetHints":{"allow":["GET"]}}],"collection":[{"href":"https:\/\/projeteducatifniger.org\/es\/wp-json\/wp\/v2\/posts"}],"about":[{"href":"https:\/\/projeteducatifniger.org\/es\/wp-json\/wp\/v2\/types\/post"}],"author":[{"embeddable":true,"href":"https:\/\/projeteducatifniger.org\/es\/wp-json\/wp\/v2\/users\/1"}],"replies":[{"embeddable":true,"href":"https:\/\/projeteducatifniger.org\/es\/wp-json\/wp\/v2\/comments?post=1438"}],"version-history":[{"count":0,"href":"https:\/\/projeteducatifniger.org\/es\/wp-json\/wp\/v2\/posts\/1438\/revisions"}],"wp:attachment":[{"href":"https:\/\/projeteducatifniger.org\/es\/wp-json\/wp\/v2\/media?parent=1438"}],"wp:term":[{"taxonomy":"category","embeddable":true,"href":"https:\/\/projeteducatifniger.org\/es\/wp-json\/wp\/v2\/categories?post=1438"},{"taxonomy":"post_tag","embeddable":true,"href":"https:\/\/projeteducatifniger.org\/es\/wp-json\/wp\/v2\/tags?post=1438"}],"curies":[{"name":"wp","href":"https:\/\/api.w.org\/{rel}","templated":true}]}}