{"id":1430,"date":"2016-03-05T19:50:38","date_gmt":"2016-03-05T18:50:38","guid":{"rendered":"https:\/\/projeteducatifniger.org\/?p=1430"},"modified":"2016-03-05T19:50:38","modified_gmt":"2016-03-05T17:50:38","slug":"el-proyecto-niger-ha-recompensado-3-alumnos","status":"publish","type":"post","link":"https:\/\/projeteducatifniger.org\/es\/el-proyecto-niger-ha-recompensado-3-alumnos\/","title":{"rendered":"EL PROYECTO NIGER HA RECOMPENSADO 3 ALUMNOS[:]"},"content":{"rendered":"<p>El Proyecto N\u00edger ha recompensado, el jueves 18 de febrero, a Lou-Ann Arnaud, alumna de CM2-G por haber realizado el mejor dibujo, seleccionado para ilustrar el calendario 2016.<br \/>\n<a href=\"http:\/\/www.projeteducatifniger.org\/accueil\/wp-content\/uploads\/dessinPojetNiger.png\"><img loading=\"lazy\" decoding=\"async\" src=\"http:\/\/www.projeteducatifniger.org\/accueil\/wp-content\/uploads\/dessinPojetNiger-230x300.png\" alt=\"Les 3 \u00e9l\u00e8ves r\u00e9compens\u00e9es\" width=\"230\" height=\"300\" class=\"aligncenter size-medium wp-image-828\" srcset=\"https:\/\/projeteducatifniger.org\/wp-content\/uploads\/dessinPojetNiger-230x300.png 230w, https:\/\/projeteducatifniger.org\/wp-content\/uploads\/dessinPojetNiger.png 477w\" sizes=\"(max-width: 230px) 100vw, 230px\" \/><\/a><br \/>\nEn la foto aparece rodeada por dos compa\u00f1eras de clase, Luna y Sol\u00e8ne equipo ganador del segundo premio por el dibujo realizado.<br \/>\nFelicitamos a la ganadora y a sus amigas por su talento y su buen humor!<br \/>\nNos gustar\u00eda dar las gracias a todos los alumnos que han participado en el concurso, a los profesores que los han ayudado y se han servido de esta actividad para abordar tem\u00e1ticas de la educaci\u00f3n al desarrollo y de la solidaridad internacional, as\u00ed como a la Administraci\u00f3n del LFM que acompa\u00f1a desde sus inicios al Proyecto N\u00edger nacido en el seno de esta instituci\u00f3n en 2002.<br \/>\nFinalment, aprovechamos la ocasi\u00f3n para informarles que publicaremos pr\u00f3ximamente los fondos recaudados en la colecta 2015\/2016.<br \/>\nChristian Moreau, para el Proyecto N\u00edger.<\/p>\n<p>[:]<\/p>\n","protected":false},"excerpt":{"rendered":"<p>El Proyecto N\u00edger ha recompensado, el jueves 18 de febrero, a Lou-Ann Arnaud, alumna de CM2-G por haber realizado el mejor dibujo, seleccionado para ilustrar el calendario 2016. En la foto aparece rodeada por dos compa\u00f1eras de clase, Luna y Sol\u00e8ne equipo ganador del segundo premio por el dibujo realizado. Felicitamos a la ganadora y [&hellip;]<\/p>\n","protected":false},"author":1,"featured_media":0,"comment_status":"closed","ping_status":"open","sticky":false,"template":"","format":"standard","meta":{"_et_pb_use_builder":"","_et_pb_old_content":"","_et_gb_content_width":"","footnotes":""},"categories":[],"tags":[],"class_list":["post-1430","post","type-post","status-publish","format-standard","hentry"],"_links":{"self":[{"href":"https:\/\/projeteducatifniger.org\/es\/wp-json\/wp\/v2\/posts\/1430","targetHints":{"allow":["GET"]}}],"collection":[{"href":"https:\/\/projeteducatifniger.org\/es\/wp-json\/wp\/v2\/posts"}],"about":[{"href":"https:\/\/projeteducatifniger.org\/es\/wp-json\/wp\/v2\/types\/post"}],"author":[{"embeddable":true,"href":"https:\/\/projeteducatifniger.org\/es\/wp-json\/wp\/v2\/users\/1"}],"replies":[{"embeddable":true,"href":"https:\/\/projeteducatifniger.org\/es\/wp-json\/wp\/v2\/comments?post=1430"}],"version-history":[{"count":0,"href":"https:\/\/projeteducatifniger.org\/es\/wp-json\/wp\/v2\/posts\/1430\/revisions"}],"wp:attachment":[{"href":"https:\/\/projeteducatifniger.org\/es\/wp-json\/wp\/v2\/media?parent=1430"}],"wp:term":[{"taxonomy":"category","embeddable":true,"href":"https:\/\/projeteducatifniger.org\/es\/wp-json\/wp\/v2\/categories?post=1430"},{"taxonomy":"post_tag","embeddable":true,"href":"https:\/\/projeteducatifniger.org\/es\/wp-json\/wp\/v2\/tags?post=1430"}],"curies":[{"name":"wp","href":"https:\/\/api.w.org\/{rel}","templated":true}]}}